{"id":1362,"date":"2020-09-28T14:50:52","date_gmt":"2020-09-28T11:50:52","guid":{"rendered":"https:\/\/ista.org.tr\/?p=1362"},"modified":"2020-09-28T15:03:47","modified_gmt":"2020-09-28T12:03:47","slug":"uncitral-ii-calisma-grubu-seri-tahkim-usulunu-72-oturumunda-degerlendiriyor","status":"publish","type":"post","link":"https:\/\/ista.org.tr\/en\/blog\/haberler\/uncitral-ii-calisma-grubu-seri-tahkim-usulunu-72-oturumunda-degerlendiriyor\/","title":{"rendered":"UNCITRAL II. \u00c7al\u0131\u015fma Grubu, Seri Tahkim Usul\u00fcn\u00fc 72. Oturumunda De\u011ferlendiriyor"},"content":{"rendered":"<p>21-25 Eyl\u00fcl 2020 tarihleri aras\u0131nda, Birle\u015fmi\u015f Milletler Komisyonu\u2019nun Uluslararas\u0131 Ticaret Hukuku Komisyonu (UNCITRAL) II. \u00c7al\u0131\u015fma Grubu, 72. oturumunu ger\u00e7ekle\u015ftirmi\u015ftir. Covid-19 \u00f6nlemleri kapsam\u0131nda, kat\u0131l\u0131mc\u0131lara Viyana\u2019da fiilen veya online olarak uzaktan kat\u0131l\u0131m sa\u011flayabilecekleri iki farkl\u0131 alternatif sunulmu\u015ftur.<\/p>\n<p>II. \u00c7al\u0131\u015fma Grubu\u2019nun daha evvel \u015eubat 2018 tarihinde ger\u00e7ekle\u015fen 68. oturumu s\u0131ras\u0131nda, gelecek toplant\u0131larda ticari tahkim alan\u0131nda kullan\u0131lacak seri tahkim yarg\u0131lamas\u0131 hakk\u0131nda \u00e7al\u0131\u015fma yap\u0131lmas\u0131 i\u00e7in \u00f6neride bulunulmu\u015ftur. Sunulan \u00f6neri, i\u015fletmelerin uyu\u015fmazl\u0131k \u00e7\u00f6z\u00fcm\u00fc ihtiya\u00e7lar\u0131n\u0131 yans\u0131taca\u011f\u0131 inanc\u0131yla \u00fcye devletler taraf\u0131ndan desteklenmi\u015ftir. Bu geli\u015fme \u00fczerine, UNCITRAL, II. \u00c7al\u0131\u015fma Grubu\u2019nun seri tahkim usul\u00fc hakk\u0131nda \u00e7al\u0131\u015fmas\u0131n\u0131 kabul etmi\u015f ve II. \u00c7al\u0131\u015fma Grubu, \u015eubat 2019 tarihinde ger\u00e7ekle\u015fen 69. oturumu ile konu \u00fczerinde \u00e7al\u0131\u015fmaya ba\u015flam\u0131\u015ft\u0131r.<\/p>\n<p>II. \u00c7al\u0131\u015fma Grubu, Sekretaryadan Eyl\u00fcl 2018\u2019de ger\u00e7ekle\u015fecek 70. oturum i\u00e7in taslak seri tahkim kurallar\u0131n\u0131 haz\u0131rlamas\u0131n\u0131 ve \u015eubat 2020\u2019de ger\u00e7ekle\u015fecek 71. oturum i\u00e7in ise seri tahkim yarg\u0131lamas\u0131 hakk\u0131nda UNCITRAL Tahkim Kurallar\u0131na eklenebilecek ba\u011f\u0131ms\u0131z d\u00fczenlemeler haz\u0131rlamas\u0131n\u0131 talep etmi\u015ftir. S\u00f6z konusu 70. ve 71. oturumlar\u0131nda Sekretarya taraf\u0131ndan haz\u0131rlanan taslak seri tahkim kurallar\u0131 incelenmi\u015ftir.<\/p>\n<p>71. oturumunun sonunda, II. \u00c7al\u0131\u015fma Grubu taraf\u0131ndan seri tahkim kurallar\u0131n\u0131n UNCITRAL Tahkim Kurallar\u0131na ek olarak d\u00fczenlenece\u011fi belirtmi\u015ftir. Akabinde Sekretaryadan bir kez daha UNCITRAL Tahkim Kurallar\u0131na ek olarak eklenecek \u015fekilde taslak seri tahkim kurallar\u0131 \u00fczerinde \u00e7al\u0131\u015fmas\u0131 talep edilmi\u015ftir.<\/p>\n<p>II. \u00c7al\u0131\u015fma Grubu, 72. oturumu \u00f6ncesinde yay\u0131nlad\u0131\u011f\u0131 belgelerde, seri tahkim usul\u00fcn\u00fc uyu\u015fmazl\u0131\u011f\u0131n maliyet ve zaman a\u00e7\u0131s\u0131ndan etkin bir \u015fekilde y\u00f6netilerek \u00e7\u00f6z\u00fcme ula\u015ft\u0131r\u0131lmas\u0131n\u0131 m\u00fcmk\u00fcn k\u0131lan, basitle\u015ftirilmi\u015f bir prosed\u00fcr olarak tan\u0131mlam\u0131\u015ft\u0131r. Ayr\u0131ca, II. \u00c7al\u0131\u015fma Grubu, tahkim maliyetlerinin azalt\u0131larak ve yarg\u0131lama s\u00fcresinin k\u0131salt\u0131larak, tahkim yarg\u0131lamalar\u0131n\u0131n etkinli\u011finin art\u0131r\u0131lmas\u0131n\u0131 ama\u00e7lad\u0131\u011f\u0131n\u0131 da belirtmi\u015ftir. Ge\u00e7ti\u011fimiz hafta ger\u00e7ekle\u015fen 72. oturumda ise hakemlerin say\u0131s\u0131, seri tahkim usul\u00fcn\u00fcn uygulan\u0131p uygulanmayaca\u011f\u0131n\u0131 belirleyen fakt\u00f6rler, kar\u015f\u0131 davan\u0131n veya ek iddialar\u0131n sunulmas\u0131n\u0131n m\u00fcmk\u00fcn olup olmad\u0131\u011f\u0131 ve tahkim yarg\u0131lamas\u0131n\u0131 daha etkin hale getirecek di\u011fer hususlar ayr\u0131nt\u0131l\u0131 olarak de\u011ferlendirilmi\u015ftir.<\/p>\n<p>UNCITRAL Taslak Seri Tahkim Kurallar\u0131 i\u00e7in t\u0131klay\u0131n\u0131z. \u00a0<a href=\"https:\/\/undocs.org\/en\/A\/CN.9\/WG.II\/WP.214\/Add.1\">https:\/\/undocs.org\/en\/A\/CN.9\/WG.II\/WP.214\/Add.1<\/a><\/p>\n<p><strong>Kaynak\u00e7a<\/strong><\/p>\n<ol>\n<li style=\"list-style-type: none;\">\n<ol>\n<li>Kluwer Arbitration Blog: UNCITRAL Working Group II: An Introduction and Update <a href=\"http:\/\/arbitrationblog.kluwerarbitration.com\/2020\/09\/14\/uncitral-working-group-ii-an-introduction-and-update\/\">http:\/\/arbitrationblog.kluwerarbitration.com\/2020\/09\/14\/uncitral-working-group-ii-an-introduction-and-update\/<\/a><\/li>\n<li>UNCITRAL: Birle\u015fmi\u015f Milletler Komisyonu\u2019nun Uluslararas\u0131 Ticaret Hukuku Komisyonu \u00c7al\u0131\u015fma Grubu II, 68. Oturumu <a href=\"https:\/\/undocs.org\/en\/A\/CN.9\/934\">https:\/\/undocs.org\/en\/A\/CN.9\/934<\/a><\/li>\n<li>UNCITRAL: Birle\u015fmi\u015f Milletler Komisyonu\u2019nun Uluslararas\u0131 Ticaret Hukuku Komisyonu \u00c7al\u0131\u015fma Grubu II, 69. Oturumu <a href=\"https:\/\/undocs.org\/en\/A\/CN.9\/WG.II\/WP.206\">https:\/\/undocs.org\/en\/A\/CN.9\/WG.II\/WP.206<\/a> <a href=\"https:\/\/undocs.org\/en\/A\/CN.9\/WG.II\/WP.207\">https:\/\/undocs.org\/en\/A\/CN.9\/WG.II\/WP.207<\/a><\/li>\n<li>UNCITRAL: Birle\u015fmi\u015f Milletler Komisyonu\u2019nun Uluslararas\u0131 Ticaret Hukuku Komisyonu \u00c7al\u0131\u015fma Grubu II, 70. Oturumu <a href=\"https:\/\/undocs.org\/en\/A\/CN.9\/1003\">https:\/\/undocs.org\/en\/A\/CN.9\/1003<\/a><\/li>\n<li>UNCITRAL: Birle\u015fmi\u015f Milletler Komisyonu\u2019nun Uluslararas\u0131 Ticaret Hukuku Komisyonu \u00c7al\u0131\u015fma Grubu II, 71. Oturumu <a href=\"https:\/\/undocs.org\/en\/A\/CN.9\/1010\">https:\/\/undocs.org\/en\/A\/CN.9\/1010<\/a><\/li>\n<li>UNCITRAL: Birle\u015fmi\u015f Milletler Komisyonu\u2019nun Uluslararas\u0131 Ticaret Hukuku Komisyonu \u00c7al\u0131\u015fma Grubu II, 72. Oturumu <a href=\"https:\/\/undocs.org\/en\/A\/CN.9\/WG.II\/WP.214\">https:\/\/undocs.org\/en\/A\/CN.9\/WG.II\/WP.214<\/a> <a href=\"https:\/\/uncitral.un.org\/sites\/uncitral.un.org\/files\/media-documents\/uncitral\/en\/letter_from_chair_of_wg_ii_27_august_2020.pdf\">https:\/\/uncitral.un.org\/sites\/uncitral.un.org\/files\/media-documents\/uncitral\/en\/letter_from_chair_of_wg_ii_27_august_2020.pdf<\/a><\/li>\n<\/ol>\n<\/li>\n<\/ol>\n","protected":false},"excerpt":{"rendered":"<p>21-25 Eyl\u00fcl 2020 tarihleri aras\u0131nda, Birle\u015fmi\u015f Milletler Komisyonu\u2019nun Uluslararas\u0131 Ticaret Hukuku Komisyonu (UNCITRAL) II. \u00c7al\u0131\u015fma&#8230;<\/p>\n","protected":false},"author":4,"featured_media":0,"comment_status":"open","ping_status":"open","sticky":false,"template":"","format":"standard","meta":{"_mi_skip_tracking":false},"categories":[4,32],"tags":[],"yoast_head":"<!-- This site is optimized with the Yoast SEO plugin v19.14 - https:\/\/yoast.com\/wordpress\/plugins\/seo\/ -->\n<title>UNCITRAL II. \u00c7al\u0131\u015fma Grubu, Seri Tahkim Usul\u00fcn\u00fc 72. Oturumunda De\u011ferlendiriyor | \u0130STA<\/title>\n<meta name=\"description\" content=\"\u0130STA taraf\u0131ndan yay\u0131nlanan UNCITRAL II. \u00c7al\u0131\u015fma Grubu, Seri Tahkim Usul\u00fcn\u00fc 72. Oturumunda De\u011ferlendiriyor konulu yaz\u0131y\u0131 incelemek i\u00e7in sitemizi ziyaret edin.\" \/>\n<meta name=\"robots\" content=\"index, follow, max-snippet:-1, max-image-preview:large, max-video-preview:-1\" \/>\n<link rel=\"canonical\" href=\"https:\/\/ista.org.tr\/blog\/haberler\/uncitral-ii-calisma-grubu-seri-tahkim-usulunu-72-oturumunda-degerlendiriyor\/\" \/>\n<meta property=\"og:locale\" content=\"en_US\" \/>\n<meta property=\"og:type\" content=\"article\" \/>\n<meta property=\"og:title\" content=\"UNCITRAL II. \u00c7al\u0131\u015fma Grubu, Seri Tahkim Usul\u00fcn\u00fc 72. Oturumunda De\u011ferlendiriyor | \u0130STA\" \/>\n<meta property=\"og:description\" content=\"\u0130STA taraf\u0131ndan yay\u0131nlanan UNCITRAL II. \u00c7al\u0131\u015fma Grubu, Seri Tahkim Usul\u00fcn\u00fc 72. Oturumunda De\u011ferlendiriyor konulu yaz\u0131y\u0131 incelemek i\u00e7in sitemizi ziyaret edin.\" \/>\n<meta property=\"og:url\" content=\"https:\/\/ista.org.tr\/blog\/haberler\/uncitral-ii-calisma-grubu-seri-tahkim-usulunu-72-oturumunda-degerlendiriyor\/\" \/>\n<meta property=\"og:site_name\" content=\"\u0130STA\" \/>\n<meta property=\"article:publisher\" content=\"https:\/\/www.facebook.com\/istatahkim\/\" \/>\n<meta property=\"article:published_time\" content=\"2020-09-28T11:50:52+00:00\" \/>\n<meta property=\"article:modified_time\" content=\"2020-09-28T12:03:47+00:00\" \/>\n<meta property=\"og:image\" content=\"https:\/\/ista.org.tr\/wp-content\/uploads\/2020\/04\/IMG_9760-scaled.jpg\" \/>\n\t<meta property=\"og:image:width\" content=\"2560\" \/>\n\t<meta property=\"og:image:height\" content=\"1920\" \/>\n\t<meta property=\"og:image:type\" content=\"image\/jpeg\" \/>\n<meta name=\"author\" content=\"\u0130sta Y\u00f6netim\" \/>\n<meta name=\"twitter:card\" content=\"summary_large_image\" \/>\n<meta name=\"twitter:creator\" content=\"@ISTAtahkim\" \/>\n<meta name=\"twitter:site\" content=\"@ISTAtahkim\" \/>\n<meta name=\"twitter:label1\" content=\"Written by\" \/>\n\t<meta name=\"twitter:data1\" content=\"\u0130sta Y\u00f6netim\" \/>\n\t<meta name=\"twitter:label2\" content=\"Est. reading time\" \/>\n\t<meta name=\"twitter:data2\" content=\"3 minutes\" \/>\n<script type=\"application\/ld+json\" class=\"yoast-schema-graph\">{\"@context\":\"https:\/\/schema.org\",\"@graph\":[{\"@type\":\"Article\",\"@id\":\"https:\/\/ista.org.tr\/blog\/haberler\/uncitral-ii-calisma-grubu-seri-tahkim-usulunu-72-oturumunda-degerlendiriyor\/#article\",\"isPartOf\":{\"@id\":\"https:\/\/ista.org.tr\/blog\/haberler\/uncitral-ii-calisma-grubu-seri-tahkim-usulunu-72-oturumunda-degerlendiriyor\/\"},\"author\":{\"name\":\"\u0130sta Y\u00f6netim\",\"@id\":\"https:\/\/ista.org.tr\/#\/schema\/person\/0e64d31ae8843488d1fb6b60787405f2\"},\"headline\":\"UNCITRAL II. \u00c7al\u0131\u015fma Grubu, Seri Tahkim Usul\u00fcn\u00fc 72. Oturumunda De\u011ferlendiriyor\",\"datePublished\":\"2020-09-28T11:50:52+00:00\",\"dateModified\":\"2020-09-28T12:03:47+00:00\",\"mainEntityOfPage\":{\"@id\":\"https:\/\/ista.org.tr\/blog\/haberler\/uncitral-ii-calisma-grubu-seri-tahkim-usulunu-72-oturumunda-degerlendiriyor\/\"},\"wordCount\":603,\"commentCount\":0,\"publisher\":{\"@id\":\"https:\/\/ista.org.tr\/#organization\"},\"articleSection\":[\"Haberler\",\"\u0130STA'dan Haberler\"],\"inLanguage\":\"en-US\",\"potentialAction\":[{\"@type\":\"CommentAction\",\"name\":\"Comment\",\"target\":[\"https:\/\/ista.org.tr\/blog\/haberler\/uncitral-ii-calisma-grubu-seri-tahkim-usulunu-72-oturumunda-degerlendiriyor\/#respond\"]}]},{\"@type\":\"WebPage\",\"@id\":\"https:\/\/ista.org.tr\/blog\/haberler\/uncitral-ii-calisma-grubu-seri-tahkim-usulunu-72-oturumunda-degerlendiriyor\/\",\"url\":\"https:\/\/ista.org.tr\/blog\/haberler\/uncitral-ii-calisma-grubu-seri-tahkim-usulunu-72-oturumunda-degerlendiriyor\/\",\"name\":\"UNCITRAL II. \u00c7al\u0131\u015fma Grubu, Seri Tahkim Usul\u00fcn\u00fc 72. Oturumunda De\u011ferlendiriyor | \u0130STA\",\"isPartOf\":{\"@id\":\"https:\/\/ista.org.tr\/#website\"},\"datePublished\":\"2020-09-28T11:50:52+00:00\",\"dateModified\":\"2020-09-28T12:03:47+00:00\",\"description\":\"\u0130STA taraf\u0131ndan yay\u0131nlanan UNCITRAL II. \u00c7al\u0131\u015fma Grubu, Seri Tahkim Usul\u00fcn\u00fc 72. Oturumunda De\u011ferlendiriyor konulu yaz\u0131y\u0131 incelemek i\u00e7in sitemizi ziyaret edin.\",\"breadcrumb\":{\"@id\":\"https:\/\/ista.org.tr\/blog\/haberler\/uncitral-ii-calisma-grubu-seri-tahkim-usulunu-72-oturumunda-degerlendiriyor\/#breadcrumb\"},\"inLanguage\":\"en-US\",\"potentialAction\":[{\"@type\":\"ReadAction\",\"target\":[\"https:\/\/ista.org.tr\/blog\/haberler\/uncitral-ii-calisma-grubu-seri-tahkim-usulunu-72-oturumunda-degerlendiriyor\/\"]}]},{\"@type\":\"BreadcrumbList\",\"@id\":\"https:\/\/ista.org.tr\/blog\/haberler\/uncitral-ii-calisma-grubu-seri-tahkim-usulunu-72-oturumunda-degerlendiriyor\/#breadcrumb\",\"itemListElement\":[{\"@type\":\"ListItem\",\"position\":1,\"name\":\"Ana sayfa\",\"item\":\"https:\/\/ista.org.tr\/\"},{\"@type\":\"ListItem\",\"position\":2,\"name\":\"UNCITRAL II. \u00c7al\u0131\u015fma Grubu, Seri Tahkim Usul\u00fcn\u00fc 72. Oturumunda De\u011ferlendiriyor\"}]},{\"@type\":\"WebSite\",\"@id\":\"https:\/\/ista.org.tr\/#website\",\"url\":\"https:\/\/ista.org.tr\/\",\"name\":\"\u0130STA\",\"description\":\"\u0130stanbul Tahkim Derne\u011fi\",\"publisher\":{\"@id\":\"https:\/\/ista.org.tr\/#organization\"},\"potentialAction\":[{\"@type\":\"SearchAction\",\"target\":{\"@type\":\"EntryPoint\",\"urlTemplate\":\"https:\/\/ista.org.tr\/?s={search_term_string}\"},\"query-input\":\"required name=search_term_string\"}],\"inLanguage\":\"en-US\"},{\"@type\":\"Organization\",\"@id\":\"https:\/\/ista.org.tr\/#organization\",\"name\":\"\u0130stanbul Tahkim Derne\u011fi\",\"url\":\"https:\/\/ista.org.tr\/\",\"logo\":{\"@type\":\"ImageObject\",\"inLanguage\":\"en-US\",\"@id\":\"https:\/\/ista.org.tr\/#\/schema\/logo\/image\/\",\"url\":\"https:\/\/ista.org.tr\/wp-content\/uploads\/2019\/12\/ista-logo.png\",\"contentUrl\":\"https:\/\/ista.org.tr\/wp-content\/uploads\/2019\/12\/ista-logo.png\",\"width\":400,\"height\":400,\"caption\":\"\u0130stanbul Tahkim Derne\u011fi\"},\"image\":{\"@id\":\"https:\/\/ista.org.tr\/#\/schema\/logo\/image\/\"},\"sameAs\":[\"https:\/\/www.youtube.com\/channel\/UCZeVp4QaClBT9w13rtPk44Q\/videos\",\"https:\/\/www.facebook.com\/istatahkim\/\",\"https:\/\/twitter.com\/ISTAtahkim\"]},{\"@type\":\"Person\",\"@id\":\"https:\/\/ista.org.tr\/#\/schema\/person\/0e64d31ae8843488d1fb6b60787405f2\",\"name\":\"\u0130sta Y\u00f6netim\",\"image\":{\"@type\":\"ImageObject\",\"inLanguage\":\"en-US\",\"@id\":\"https:\/\/ista.org.tr\/#\/schema\/person\/image\/\",\"url\":\"https:\/\/secure.gravatar.com\/avatar\/384961caf24c34e83ed78f374b043d4f?s=96&d=mm&r=g\",\"contentUrl\":\"https:\/\/secure.gravatar.com\/avatar\/384961caf24c34e83ed78f374b043d4f?s=96&d=mm&r=g\",\"caption\":\"\u0130sta Y\u00f6netim\"}}]}<\/script>\n<!-- \/ Yoast SEO plugin. -->","yoast_head_json":{"title":"UNCITRAL II. \u00c7al\u0131\u015fma Grubu, Seri Tahkim Usul\u00fcn\u00fc 72. Oturumunda De\u011ferlendiriyor | \u0130STA","description":"\u0130STA taraf\u0131ndan yay\u0131nlanan UNCITRAL II. \u00c7al\u0131\u015fma Grubu, Seri Tahkim Usul\u00fcn\u00fc 72. Oturumunda De\u011ferlendiriyor konulu yaz\u0131y\u0131 incelemek i\u00e7in sitemizi ziyaret edin.","robots":{"index":"index","follow":"follow","max-snippet":"max-snippet:-1","max-image-preview":"max-image-preview:large","max-video-preview":"max-video-preview:-1"},"canonical":"https:\/\/ista.org.tr\/blog\/haberler\/uncitral-ii-calisma-grubu-seri-tahkim-usulunu-72-oturumunda-degerlendiriyor\/","og_locale":"en_US","og_type":"article","og_title":"UNCITRAL II. \u00c7al\u0131\u015fma Grubu, Seri Tahkim Usul\u00fcn\u00fc 72. Oturumunda De\u011ferlendiriyor | \u0130STA","og_description":"\u0130STA taraf\u0131ndan yay\u0131nlanan UNCITRAL II. \u00c7al\u0131\u015fma Grubu, Seri Tahkim Usul\u00fcn\u00fc 72. Oturumunda De\u011ferlendiriyor konulu yaz\u0131y\u0131 incelemek i\u00e7in sitemizi ziyaret edin.","og_url":"https:\/\/ista.org.tr\/blog\/haberler\/uncitral-ii-calisma-grubu-seri-tahkim-usulunu-72-oturumunda-degerlendiriyor\/","og_site_name":"\u0130STA","article_publisher":"https:\/\/www.facebook.com\/istatahkim\/","article_published_time":"2020-09-28T11:50:52+00:00","article_modified_time":"2020-09-28T12:03:47+00:00","og_image":[{"width":2560,"height":1920,"url":"https:\/\/ista.org.tr\/wp-content\/uploads\/2020\/04\/IMG_9760-scaled.jpg","type":"image\/jpeg"}],"author":"\u0130sta Y\u00f6netim","twitter_card":"summary_large_image","twitter_creator":"@ISTAtahkim","twitter_site":"@ISTAtahkim","twitter_misc":{"Written by":"\u0130sta Y\u00f6netim","Est. reading time":"3 minutes"},"schema":{"@context":"https:\/\/schema.org","@graph":[{"@type":"Article","@id":"https:\/\/ista.org.tr\/blog\/haberler\/uncitral-ii-calisma-grubu-seri-tahkim-usulunu-72-oturumunda-degerlendiriyor\/#article","isPartOf":{"@id":"https:\/\/ista.org.tr\/blog\/haberler\/uncitral-ii-calisma-grubu-seri-tahkim-usulunu-72-oturumunda-degerlendiriyor\/"},"author":{"name":"\u0130sta Y\u00f6netim","@id":"https:\/\/ista.org.tr\/#\/schema\/person\/0e64d31ae8843488d1fb6b60787405f2"},"headline":"UNCITRAL II. \u00c7al\u0131\u015fma Grubu, Seri Tahkim Usul\u00fcn\u00fc 72. Oturumunda De\u011ferlendiriyor","datePublished":"2020-09-28T11:50:52+00:00","dateModified":"2020-09-28T12:03:47+00:00","mainEntityOfPage":{"@id":"https:\/\/ista.org.tr\/blog\/haberler\/uncitral-ii-calisma-grubu-seri-tahkim-usulunu-72-oturumunda-degerlendiriyor\/"},"wordCount":603,"commentCount":0,"publisher":{"@id":"https:\/\/ista.org.tr\/#organization"},"articleSection":["Haberler","\u0130STA'dan Haberler"],"inLanguage":"en-US","potentialAction":[{"@type":"CommentAction","name":"Comment","target":["https:\/\/ista.org.tr\/blog\/haberler\/uncitral-ii-calisma-grubu-seri-tahkim-usulunu-72-oturumunda-degerlendiriyor\/#respond"]}]},{"@type":"WebPage","@id":"https:\/\/ista.org.tr\/blog\/haberler\/uncitral-ii-calisma-grubu-seri-tahkim-usulunu-72-oturumunda-degerlendiriyor\/","url":"https:\/\/ista.org.tr\/blog\/haberler\/uncitral-ii-calisma-grubu-seri-tahkim-usulunu-72-oturumunda-degerlendiriyor\/","name":"UNCITRAL II. \u00c7al\u0131\u015fma Grubu, Seri Tahkim Usul\u00fcn\u00fc 72. Oturumunda De\u011ferlendiriyor | \u0130STA","isPartOf":{"@id":"https:\/\/ista.org.tr\/#website"},"datePublished":"2020-09-28T11:50:52+00:00","dateModified":"2020-09-28T12:03:47+00:00","description":"\u0130STA taraf\u0131ndan yay\u0131nlanan UNCITRAL II. \u00c7al\u0131\u015fma Grubu, Seri Tahkim Usul\u00fcn\u00fc 72. Oturumunda De\u011ferlendiriyor konulu yaz\u0131y\u0131 incelemek i\u00e7in sitemizi ziyaret edin.","breadcrumb":{"@id":"https:\/\/ista.org.tr\/blog\/haberler\/uncitral-ii-calisma-grubu-seri-tahkim-usulunu-72-oturumunda-degerlendiriyor\/#breadcrumb"},"inLanguage":"en-US","potentialAction":[{"@type":"ReadAction","target":["https:\/\/ista.org.tr\/blog\/haberler\/uncitral-ii-calisma-grubu-seri-tahkim-usulunu-72-oturumunda-degerlendiriyor\/"]}]},{"@type":"BreadcrumbList","@id":"https:\/\/ista.org.tr\/blog\/haberler\/uncitral-ii-calisma-grubu-seri-tahkim-usulunu-72-oturumunda-degerlendiriyor\/#breadcrumb","itemListElement":[{"@type":"ListItem","position":1,"name":"Ana sayfa","item":"https:\/\/ista.org.tr\/"},{"@type":"ListItem","position":2,"name":"UNCITRAL II. \u00c7al\u0131\u015fma Grubu, Seri Tahkim Usul\u00fcn\u00fc 72. Oturumunda De\u011ferlendiriyor"}]},{"@type":"WebSite","@id":"https:\/\/ista.org.tr\/#website","url":"https:\/\/ista.org.tr\/","name":"\u0130STA","description":"\u0130stanbul Tahkim Derne\u011fi","publisher":{"@id":"https:\/\/ista.org.tr\/#organization"},"potentialAction":[{"@type":"SearchAction","target":{"@type":"EntryPoint","urlTemplate":"https:\/\/ista.org.tr\/?s={search_term_string}"},"query-input":"required name=search_term_string"}],"inLanguage":"en-US"},{"@type":"Organization","@id":"https:\/\/ista.org.tr\/#organization","name":"\u0130stanbul Tahkim Derne\u011fi","url":"https:\/\/ista.org.tr\/","logo":{"@type":"ImageObject","inLanguage":"en-US","@id":"https:\/\/ista.org.tr\/#\/schema\/logo\/image\/","url":"https:\/\/ista.org.tr\/wp-content\/uploads\/2019\/12\/ista-logo.png","contentUrl":"https:\/\/ista.org.tr\/wp-content\/uploads\/2019\/12\/ista-logo.png","width":400,"height":400,"caption":"\u0130stanbul Tahkim Derne\u011fi"},"image":{"@id":"https:\/\/ista.org.tr\/#\/schema\/logo\/image\/"},"sameAs":["https:\/\/www.youtube.com\/channel\/UCZeVp4QaClBT9w13rtPk44Q\/videos","https:\/\/www.facebook.com\/istatahkim\/","https:\/\/twitter.com\/ISTAtahkim"]},{"@type":"Person","@id":"https:\/\/ista.org.tr\/#\/schema\/person\/0e64d31ae8843488d1fb6b60787405f2","name":"\u0130sta Y\u00f6netim","image":{"@type":"ImageObject","inLanguage":"en-US","@id":"https:\/\/ista.org.tr\/#\/schema\/person\/image\/","url":"https:\/\/secure.gravatar.com\/avatar\/384961caf24c34e83ed78f374b043d4f?s=96&d=mm&r=g","contentUrl":"https:\/\/secure.gravatar.com\/avatar\/384961caf24c34e83ed78f374b043d4f?s=96&d=mm&r=g","caption":"\u0130sta Y\u00f6netim"}}]}},"_links":{"self":[{"href":"https:\/\/ista.org.tr\/en\/wp-json\/wp\/v2\/posts\/1362"}],"collection":[{"href":"https:\/\/ista.org.tr\/en\/wp-json\/wp\/v2\/posts"}],"about":[{"href":"https:\/\/ista.org.tr\/en\/wp-json\/wp\/v2\/types\/post"}],"author":[{"embeddable":true,"href":"https:\/\/ista.org.tr\/en\/wp-json\/wp\/v2\/users\/4"}],"replies":[{"embeddable":true,"href":"https:\/\/ista.org.tr\/en\/wp-json\/wp\/v2\/comments?post=1362"}],"version-history":[{"count":5,"href":"https:\/\/ista.org.tr\/en\/wp-json\/wp\/v2\/posts\/1362\/revisions"}],"predecessor-version":[{"id":1367,"href":"https:\/\/ista.org.tr\/en\/wp-json\/wp\/v2\/posts\/1362\/revisions\/1367"}],"wp:attachment":[{"href":"https:\/\/ista.org.tr\/en\/wp-json\/wp\/v2\/media?parent=1362"}],"wp:term":[{"taxonomy":"category","embeddable":true,"href":"https:\/\/ista.org.tr\/en\/wp-json\/wp\/v2\/categories?post=1362"},{"taxonomy":"post_tag","embeddable":true,"href":"https:\/\/ista.org.tr\/en\/wp-json\/wp\/v2\/tags?post=1362"}],"curies":[{"name":"wp","href":"https:\/\/api.w.org\/{rel}","templated":true}]}}