{"id":3775,"date":"2024-01-30T11:52:44","date_gmt":"2024-01-30T08:52:44","guid":{"rendered":"https:\/\/ista.org.tr\/?p=3775"},"modified":"2024-01-30T11:57:14","modified_gmt":"2024-01-30T08:57:14","slug":"istanbul-arbitration-days","status":"publish","type":"post","link":"https:\/\/ista.org.tr\/en\/blog\/haberler\/istanbul-arbitration-days\/","title":{"rendered":"ISTANBUL ARBITRATION DAYS"},"content":{"rendered":"<p>\u0130stanbul Tahkim G\u00fcnleri&#8217;nin a\u00e7\u0131l\u0131\u015f etkinli\u011fi 18-20 Nisan 2024&#8217;te \u0130stanbul&#8217;da ger\u00e7ekle\u015fecek. Bu \u00f6zel, y\u00fcz y\u00fcze etkinli\u011fin se\u00e7kin uluslararas\u0131 ve yerel tahkim uygulay\u0131c\u0131lar\u0131, sekt\u00f6r uzmanlar\u0131, akademisyenler ve \u00f6\u011frenciler de dahil olmak \u00fczere 500&#8217;den fazla kat\u0131l\u0131mc\u0131y\u0131 a\u011f\u0131rlamas\u0131 bekleniyor. Bu etkinli\u011fi, T\u00fcrkiye&#8217;de ve b\u00f6lgede tahkimin temel ta\u015f\u0131 haline getirmeyi, d\u00fcnya standartlar\u0131nda konu\u015fmac\u0131lar\u0131n yerel ve k\u00fcresel i\u015f \u00e7evreleriyle birlikte tahkimin g\u00fcncel konular\u0131n\u0131 tart\u0131\u015fmas\u0131n\u0131 sa\u011flayarak hem ulusal hem de uluslararas\u0131 tahkim uygulamalar\u0131n\u0131n geli\u015fmesine \u00f6nemli katk\u0131 sa\u011flamay\u0131 hedefliyoruz. \u0130stanbul Tahkim G\u00fcnleri, ana sahnenin \u00f6tesinde, sa\u011flam ba\u011flant\u0131lar\u0131 ve i\u015fbirli\u011fi f\u0131rsatlar\u0131n\u0131 geli\u015ftirmek i\u00e7in tasarlanm\u0131\u015f \u00e7e\u015fitli yan etkinlikler de sunacak.<\/p>\n<p>Bilgi i\u00e7in <a href=\"https:\/\/twitter.com\/ISTAC_Istanbul\/status\/1737085585171403044\">t\u0131klay\u0131n\u0131z.<\/a><\/p>\n","protected":false},"excerpt":{"rendered":"<p>\u0130stanbul Tahkim G\u00fcnleri&#8217;nin a\u00e7\u0131l\u0131\u015f etkinli\u011fi 18-20 Nisan 2024&#8217;te \u0130stanbul&#8217;da ger\u00e7ekle\u015fecek. Bu \u00f6zel, y\u00fcz y\u00fcze etkinli\u011fin&#8230;<\/p>\n","protected":false},"author":4,"featured_media":3634,"comment_status":"closed","ping_status":"open","sticky":false,"template":"","format":"standard","meta":{"_mi_skip_tracking":false},"categories":[4],"tags":[],"yoast_head":"<!-- This site is optimized with the Yoast SEO plugin v19.14 - https:\/\/yoast.com\/wordpress\/plugins\/seo\/ -->\n<title>ISTANBUL ARBITRATION DAYS | \u0130STA<\/title>\n<meta name=\"description\" content=\"\u0130STA taraf\u0131ndan yay\u0131nlanan ISTANBUL ARBITRATION DAYS konulu yaz\u0131y\u0131 incelemek i\u00e7in sitemizi ziyaret edin.\" \/>\n<meta name=\"robots\" content=\"index, follow, max-snippet:-1, max-image-preview:large, max-video-preview:-1\" \/>\n<link rel=\"canonical\" href=\"https:\/\/ista.org.tr\/blog\/haberler\/istanbul-arbitration-days\/\" \/>\n<meta property=\"og:locale\" content=\"en_US\" \/>\n<meta property=\"og:type\" content=\"article\" \/>\n<meta property=\"og:title\" content=\"ISTANBUL ARBITRATION DAYS | \u0130STA\" \/>\n<meta property=\"og:description\" content=\"\u0130STA taraf\u0131ndan yay\u0131nlanan ISTANBUL ARBITRATION DAYS konulu yaz\u0131y\u0131 incelemek i\u00e7in sitemizi ziyaret edin.\" \/>\n<meta property=\"og:url\" content=\"https:\/\/ista.org.tr\/blog\/haberler\/istanbul-arbitration-days\/\" \/>\n<meta property=\"og:site_name\" content=\"\u0130STA\" \/>\n<meta property=\"article:publisher\" content=\"https:\/\/www.facebook.com\/istatahkim\/\" \/>\n<meta property=\"article:published_time\" content=\"2024-01-30T08:52:44+00:00\" \/>\n<meta property=\"article:modified_time\" content=\"2024-01-30T08:57:14+00:00\" \/>\n<meta property=\"og:image\" content=\"https:\/\/ista.org.tr\/wp-content\/uploads\/2022\/12\/istablog.jpg\" \/>\n\t<meta property=\"og:image:width\" content=\"1000\" \/>\n\t<meta property=\"og:image:height\" content=\"660\" \/>\n\t<meta property=\"og:image:type\" content=\"image\/jpeg\" \/>\n<meta name=\"author\" content=\"\u0130sta Y\u00f6netim\" \/>\n<meta name=\"twitter:card\" content=\"summary_large_image\" \/>\n<meta name=\"twitter:creator\" content=\"@ISTAtahkim\" \/>\n<meta name=\"twitter:site\" content=\"@ISTAtahkim\" \/>\n<meta name=\"twitter:label1\" content=\"Written by\" \/>\n\t<meta name=\"twitter:data1\" content=\"\u0130sta Y\u00f6netim\" \/>\n\t<meta name=\"twitter:label2\" content=\"Est. reading time\" \/>\n\t<meta name=\"twitter:data2\" content=\"1 minute\" \/>\n<script type=\"application\/ld+json\" class=\"yoast-schema-graph\">{\"@context\":\"https:\/\/schema.org\",\"@graph\":[{\"@type\":\"Article\",\"@id\":\"https:\/\/ista.org.tr\/blog\/haberler\/istanbul-arbitration-days\/#article\",\"isPartOf\":{\"@id\":\"https:\/\/ista.org.tr\/blog\/haberler\/istanbul-arbitration-days\/\"},\"author\":{\"name\":\"\u0130sta Y\u00f6netim\",\"@id\":\"https:\/\/ista.org.tr\/#\/schema\/person\/0e64d31ae8843488d1fb6b60787405f2\"},\"headline\":\"ISTANBUL ARBITRATION DAYS\",\"datePublished\":\"2024-01-30T08:52:44+00:00\",\"dateModified\":\"2024-01-30T08:57:14+00:00\",\"mainEntityOfPage\":{\"@id\":\"https:\/\/ista.org.tr\/blog\/haberler\/istanbul-arbitration-days\/\"},\"wordCount\":145,\"publisher\":{\"@id\":\"https:\/\/ista.org.tr\/#organization\"},\"articleSection\":[\"Haberler\"],\"inLanguage\":\"en-US\"},{\"@type\":\"WebPage\",\"@id\":\"https:\/\/ista.org.tr\/blog\/haberler\/istanbul-arbitration-days\/\",\"url\":\"https:\/\/ista.org.tr\/blog\/haberler\/istanbul-arbitration-days\/\",\"name\":\"ISTANBUL ARBITRATION DAYS | \u0130STA\",\"isPartOf\":{\"@id\":\"https:\/\/ista.org.tr\/#website\"},\"datePublished\":\"2024-01-30T08:52:44+00:00\",\"dateModified\":\"2024-01-30T08:57:14+00:00\",\"description\":\"\u0130STA taraf\u0131ndan yay\u0131nlanan ISTANBUL ARBITRATION DAYS konulu yaz\u0131y\u0131 incelemek i\u00e7in sitemizi ziyaret edin.\",\"breadcrumb\":{\"@id\":\"https:\/\/ista.org.tr\/blog\/haberler\/istanbul-arbitration-days\/#breadcrumb\"},\"inLanguage\":\"en-US\",\"potentialAction\":[{\"@type\":\"ReadAction\",\"target\":[\"https:\/\/ista.org.tr\/blog\/haberler\/istanbul-arbitration-days\/\"]}]},{\"@type\":\"BreadcrumbList\",\"@id\":\"https:\/\/ista.org.tr\/blog\/haberler\/istanbul-arbitration-days\/#breadcrumb\",\"itemListElement\":[{\"@type\":\"ListItem\",\"position\":1,\"name\":\"Ana sayfa\",\"item\":\"https:\/\/ista.org.tr\/\"},{\"@type\":\"ListItem\",\"position\":2,\"name\":\"ISTANBUL ARBITRATION DAYS\"}]},{\"@type\":\"WebSite\",\"@id\":\"https:\/\/ista.org.tr\/#website\",\"url\":\"https:\/\/ista.org.tr\/\",\"name\":\"\u0130STA\",\"description\":\"\u0130stanbul Tahkim Derne\u011fi\",\"publisher\":{\"@id\":\"https:\/\/ista.org.tr\/#organization\"},\"potentialAction\":[{\"@type\":\"SearchAction\",\"target\":{\"@type\":\"EntryPoint\",\"urlTemplate\":\"https:\/\/ista.org.tr\/?s={search_term_string}\"},\"query-input\":\"required name=search_term_string\"}],\"inLanguage\":\"en-US\"},{\"@type\":\"Organization\",\"@id\":\"https:\/\/ista.org.tr\/#organization\",\"name\":\"\u0130stanbul Tahkim Derne\u011fi\",\"url\":\"https:\/\/ista.org.tr\/\",\"logo\":{\"@type\":\"ImageObject\",\"inLanguage\":\"en-US\",\"@id\":\"https:\/\/ista.org.tr\/#\/schema\/logo\/image\/\",\"url\":\"https:\/\/ista.org.tr\/wp-content\/uploads\/2019\/12\/ista-logo.png\",\"contentUrl\":\"https:\/\/ista.org.tr\/wp-content\/uploads\/2019\/12\/ista-logo.png\",\"width\":400,\"height\":400,\"caption\":\"\u0130stanbul Tahkim Derne\u011fi\"},\"image\":{\"@id\":\"https:\/\/ista.org.tr\/#\/schema\/logo\/image\/\"},\"sameAs\":[\"https:\/\/www.youtube.com\/channel\/UCZeVp4QaClBT9w13rtPk44Q\/videos\",\"https:\/\/www.facebook.com\/istatahkim\/\",\"https:\/\/twitter.com\/ISTAtahkim\"]},{\"@type\":\"Person\",\"@id\":\"https:\/\/ista.org.tr\/#\/schema\/person\/0e64d31ae8843488d1fb6b60787405f2\",\"name\":\"\u0130sta Y\u00f6netim\",\"image\":{\"@type\":\"ImageObject\",\"inLanguage\":\"en-US\",\"@id\":\"https:\/\/ista.org.tr\/#\/schema\/person\/image\/\",\"url\":\"https:\/\/secure.gravatar.com\/avatar\/384961caf24c34e83ed78f374b043d4f?s=96&d=mm&r=g\",\"contentUrl\":\"https:\/\/secure.gravatar.com\/avatar\/384961caf24c34e83ed78f374b043d4f?s=96&d=mm&r=g\",\"caption\":\"\u0130sta Y\u00f6netim\"}}]}<\/script>\n<!-- \/ Yoast SEO plugin. -->","yoast_head_json":{"title":"ISTANBUL ARBITRATION DAYS | \u0130STA","description":"\u0130STA taraf\u0131ndan yay\u0131nlanan ISTANBUL ARBITRATION DAYS konulu yaz\u0131y\u0131 incelemek i\u00e7in sitemizi ziyaret edin.","robots":{"index":"index","follow":"follow","max-snippet":"max-snippet:-1","max-image-preview":"max-image-preview:large","max-video-preview":"max-video-preview:-1"},"canonical":"https:\/\/ista.org.tr\/blog\/haberler\/istanbul-arbitration-days\/","og_locale":"en_US","og_type":"article","og_title":"ISTANBUL ARBITRATION DAYS | \u0130STA","og_description":"\u0130STA taraf\u0131ndan yay\u0131nlanan ISTANBUL ARBITRATION DAYS konulu yaz\u0131y\u0131 incelemek i\u00e7in sitemizi ziyaret edin.","og_url":"https:\/\/ista.org.tr\/blog\/haberler\/istanbul-arbitration-days\/","og_site_name":"\u0130STA","article_publisher":"https:\/\/www.facebook.com\/istatahkim\/","article_published_time":"2024-01-30T08:52:44+00:00","article_modified_time":"2024-01-30T08:57:14+00:00","og_image":[{"width":1000,"height":660,"url":"https:\/\/ista.org.tr\/wp-content\/uploads\/2022\/12\/istablog.jpg","type":"image\/jpeg"}],"author":"\u0130sta Y\u00f6netim","twitter_card":"summary_large_image","twitter_creator":"@ISTAtahkim","twitter_site":"@ISTAtahkim","twitter_misc":{"Written by":"\u0130sta Y\u00f6netim","Est. reading time":"1 minute"},"schema":{"@context":"https:\/\/schema.org","@graph":[{"@type":"Article","@id":"https:\/\/ista.org.tr\/blog\/haberler\/istanbul-arbitration-days\/#article","isPartOf":{"@id":"https:\/\/ista.org.tr\/blog\/haberler\/istanbul-arbitration-days\/"},"author":{"name":"\u0130sta Y\u00f6netim","@id":"https:\/\/ista.org.tr\/#\/schema\/person\/0e64d31ae8843488d1fb6b60787405f2"},"headline":"ISTANBUL ARBITRATION DAYS","datePublished":"2024-01-30T08:52:44+00:00","dateModified":"2024-01-30T08:57:14+00:00","mainEntityOfPage":{"@id":"https:\/\/ista.org.tr\/blog\/haberler\/istanbul-arbitration-days\/"},"wordCount":145,"publisher":{"@id":"https:\/\/ista.org.tr\/#organization"},"articleSection":["Haberler"],"inLanguage":"en-US"},{"@type":"WebPage","@id":"https:\/\/ista.org.tr\/blog\/haberler\/istanbul-arbitration-days\/","url":"https:\/\/ista.org.tr\/blog\/haberler\/istanbul-arbitration-days\/","name":"ISTANBUL ARBITRATION DAYS | \u0130STA","isPartOf":{"@id":"https:\/\/ista.org.tr\/#website"},"datePublished":"2024-01-30T08:52:44+00:00","dateModified":"2024-01-30T08:57:14+00:00","description":"\u0130STA taraf\u0131ndan yay\u0131nlanan ISTANBUL ARBITRATION DAYS konulu yaz\u0131y\u0131 incelemek i\u00e7in sitemizi ziyaret edin.","breadcrumb":{"@id":"https:\/\/ista.org.tr\/blog\/haberler\/istanbul-arbitration-days\/#breadcrumb"},"inLanguage":"en-US","potentialAction":[{"@type":"ReadAction","target":["https:\/\/ista.org.tr\/blog\/haberler\/istanbul-arbitration-days\/"]}]},{"@type":"BreadcrumbList","@id":"https:\/\/ista.org.tr\/blog\/haberler\/istanbul-arbitration-days\/#breadcrumb","itemListElement":[{"@type":"ListItem","position":1,"name":"Ana sayfa","item":"https:\/\/ista.org.tr\/"},{"@type":"ListItem","position":2,"name":"ISTANBUL ARBITRATION DAYS"}]},{"@type":"WebSite","@id":"https:\/\/ista.org.tr\/#website","url":"https:\/\/ista.org.tr\/","name":"\u0130STA","description":"\u0130stanbul Tahkim Derne\u011fi","publisher":{"@id":"https:\/\/ista.org.tr\/#organization"},"potentialAction":[{"@type":"SearchAction","target":{"@type":"EntryPoint","urlTemplate":"https:\/\/ista.org.tr\/?s={search_term_string}"},"query-input":"required name=search_term_string"}],"inLanguage":"en-US"},{"@type":"Organization","@id":"https:\/\/ista.org.tr\/#organization","name":"\u0130stanbul Tahkim Derne\u011fi","url":"https:\/\/ista.org.tr\/","logo":{"@type":"ImageObject","inLanguage":"en-US","@id":"https:\/\/ista.org.tr\/#\/schema\/logo\/image\/","url":"https:\/\/ista.org.tr\/wp-content\/uploads\/2019\/12\/ista-logo.png","contentUrl":"https:\/\/ista.org.tr\/wp-content\/uploads\/2019\/12\/ista-logo.png","width":400,"height":400,"caption":"\u0130stanbul Tahkim Derne\u011fi"},"image":{"@id":"https:\/\/ista.org.tr\/#\/schema\/logo\/image\/"},"sameAs":["https:\/\/www.youtube.com\/channel\/UCZeVp4QaClBT9w13rtPk44Q\/videos","https:\/\/www.facebook.com\/istatahkim\/","https:\/\/twitter.com\/ISTAtahkim"]},{"@type":"Person","@id":"https:\/\/ista.org.tr\/#\/schema\/person\/0e64d31ae8843488d1fb6b60787405f2","name":"\u0130sta Y\u00f6netim","image":{"@type":"ImageObject","inLanguage":"en-US","@id":"https:\/\/ista.org.tr\/#\/schema\/person\/image\/","url":"https:\/\/secure.gravatar.com\/avatar\/384961caf24c34e83ed78f374b043d4f?s=96&d=mm&r=g","contentUrl":"https:\/\/secure.gravatar.com\/avatar\/384961caf24c34e83ed78f374b043d4f?s=96&d=mm&r=g","caption":"\u0130sta Y\u00f6netim"}}]}},"_links":{"self":[{"href":"https:\/\/ista.org.tr\/en\/wp-json\/wp\/v2\/posts\/3775"}],"collection":[{"href":"https:\/\/ista.org.tr\/en\/wp-json\/wp\/v2\/posts"}],"about":[{"href":"https:\/\/ista.org.tr\/en\/wp-json\/wp\/v2\/types\/post"}],"author":[{"embeddable":true,"href":"https:\/\/ista.org.tr\/en\/wp-json\/wp\/v2\/users\/4"}],"replies":[{"embeddable":true,"href":"https:\/\/ista.org.tr\/en\/wp-json\/wp\/v2\/comments?post=3775"}],"version-history":[{"count":2,"href":"https:\/\/ista.org.tr\/en\/wp-json\/wp\/v2\/posts\/3775\/revisions"}],"predecessor-version":[{"id":3785,"href":"https:\/\/ista.org.tr\/en\/wp-json\/wp\/v2\/posts\/3775\/revisions\/3785"}],"wp:featuredmedia":[{"embeddable":true,"href":"https:\/\/ista.org.tr\/en\/wp-json\/wp\/v2\/media\/3634"}],"wp:attachment":[{"href":"https:\/\/ista.org.tr\/en\/wp-json\/wp\/v2\/media?parent=3775"}],"wp:term":[{"taxonomy":"category","embeddable":true,"href":"https:\/\/ista.org.tr\/en\/wp-json\/wp\/v2\/categories?post=3775"},{"taxonomy":"post_tag","embeddable":true,"href":"https:\/\/ista.org.tr\/en\/wp-json\/wp\/v2\/tags?post=3775"}],"curies":[{"name":"wp","href":"https:\/\/api.w.org\/{rel}","templated":true}]}}