{"id":647,"date":"2017-03-10T22:07:50","date_gmt":"2017-03-10T19:07:50","guid":{"rendered":"http:\/\/ista.org.tr\/haberler\/usuli-zaman-cizelgesi-ve-tahkim-yargilamasindaki-yeri-copy\/"},"modified":"2020-05-30T22:11:05","modified_gmt":"2020-05-30T19:11:05","slug":"turk-av-1-olagan-genel-kurulunda-tahkim-merkezi-kurulma-karari-duyuruldu","status":"publish","type":"post","link":"https:\/\/ista.org.tr\/en\/blog\/haberler\/turk-av-1-olagan-genel-kurulunda-tahkim-merkezi-kurulma-karari-duyuruldu\/","title":{"rendered":"T\u00dcRK-AV 1. Ola\u011fan Genel Kurulu&#8217;nda Tahkim Merkezi Kurulma Karar\u0131 Duyuruldu"},"content":{"rendered":"<p>Ge\u00e7ti\u011fimiz y\u0131l Nisan ay\u0131nda kurulan T\u00fcrk Dili Konu\u015fan ve Akraba \u00dclkeler Avukat \u00d6rg\u00fctleri Birli\u011fi&#8217;nin (T\u00dcRK-AV) I. Ola\u011fan Genel Kurulu, T\u00fcrkiye Barolar Birli\u011fi&#8217;nde ger\u00e7ekle\u015ftirildi. Genel Kurul&#8217;a Kazakistan, Mo\u011folistan, Arnavutluk, G\u00fcrcistan, K\u0131rg\u0131zistan, Bosna Hersek, Tacikistan, Moldova, Kosova, Kuzey K\u0131br\u0131s T\u00fcrk Cumhuriyeti barolar birliklerinin ba\u015fkanlar\u0131 ve temsilcilerinin yan\u0131 s\u0131ra Aksaray, K\u0131rklareli, Tekirda\u011f, \u0130zmir, Samsun, Yozgat, Manisa, Sakarya baro ba\u015fkanlar\u0131 ve \u0130stanbul ve Ankara barolar\u0131n\u0131n delegeleri kat\u0131ld\u0131.<\/p>\n<p>Feyzio\u011flu, uluslararas\u0131 hukuki uyu\u015fmazl\u0131klar konusunda T\u00dcRK-AV b\u00fcnyesinde bir tahkim merkezi kurulaca\u011f\u0131 m\u00fcjdesini de verdi. &#8220;Uyu\u015fmazl\u0131klar\u0131, ayn\u0131 dili konu\u015fan, ayn\u0131 k\u00fclt\u00fcr\u00fc payla\u015fan avukatlar olarak birlikte \u00e7\u00f6zece\u011fiz&#8221; diyen Feyzio\u011flu \u015f\u00f6yle devam etti:<\/p>\n<div class=\"pasted\">\n<p>&#8220;Bu co\u011frafyan\u0131n insanlar\u0131, uyu\u015fmazl\u0131klar\u0131 ba\u015fka devletlerdeki tahkim merkezlerinde de\u011fil, \u00f6z be \u00f6z bizim olan, bize ait olan bu Birli\u011fin \u00fcr\u00fcn\u00fc olan tahkim merkezine gelerek \u00e7\u00f6zecekler. \u0130\u015fte bu Birli\u011fin zirveye \u00e7\u0131kt\u0131\u011f\u0131 ba\u015fka bir nokta olacak.&#8221;<\/p>\n<p>Haberin tam metnine TBB sayfas\u0131ndan ula\u015fabilirsiniz.<\/p>\n<\/div>\n","protected":false},"excerpt":{"rendered":"<p>Ge\u00e7ti\u011fimiz y\u0131l Nisan ay\u0131nda kurulan T\u00fcrk Dili Konu\u015fan ve Akraba \u00dclkeler Avukat \u00d6rg\u00fctleri Birli\u011fi&#8217;nin (T\u00dcRK-AV)&#8230;<\/p>\n","protected":false},"author":1,"featured_media":649,"comment_status":"open","ping_status":"open","sticky":false,"template":"","format":"standard","meta":{"_mi_skip_tracking":false},"categories":[4,26],"tags":[31,27,29,30,28],"yoast_head":"<!-- This site is optimized with the Yoast SEO plugin v19.14 - https:\/\/yoast.com\/wordpress\/plugins\/seo\/ -->\n<title>T\u00dcRK-AV 1. Ola\u011fan Genel Kurulu&#039;nda Tahkim Merkezi Kurulma Karar\u0131 Duyuruldu | \u0130STA<\/title>\n<meta name=\"description\" content=\"\u0130STA taraf\u0131ndan yay\u0131nlanan T\u00dcRK-AV 1. Ola\u011fan Genel Kurulu&#039;nda Tahkim Merkezi Kurulma Karar\u0131 Duyuruldu konulu yaz\u0131y\u0131 incelemek i\u00e7in sitemizi ziyaret edin.\" \/>\n<meta name=\"robots\" content=\"index, follow, max-snippet:-1, max-image-preview:large, max-video-preview:-1\" \/>\n<link rel=\"canonical\" href=\"https:\/\/ista.org.tr\/blog\/haberler\/turk-av-1-olagan-genel-kurulunda-tahkim-merkezi-kurulma-karari-duyuruldu\/\" \/>\n<meta property=\"og:locale\" content=\"en_US\" \/>\n<meta property=\"og:type\" content=\"article\" \/>\n<meta property=\"og:title\" content=\"T\u00dcRK-AV 1. Ola\u011fan Genel Kurulu&#039;nda Tahkim Merkezi Kurulma Karar\u0131 Duyuruldu | \u0130STA\" \/>\n<meta property=\"og:description\" content=\"\u0130STA taraf\u0131ndan yay\u0131nlanan T\u00dcRK-AV 1. Ola\u011fan Genel Kurulu&#039;nda Tahkim Merkezi Kurulma Karar\u0131 Duyuruldu konulu yaz\u0131y\u0131 incelemek i\u00e7in sitemizi ziyaret edin.\" \/>\n<meta property=\"og:url\" content=\"https:\/\/ista.org.tr\/blog\/haberler\/turk-av-1-olagan-genel-kurulunda-tahkim-merkezi-kurulma-karari-duyuruldu\/\" \/>\n<meta property=\"og:site_name\" content=\"\u0130STA\" \/>\n<meta property=\"article:publisher\" content=\"https:\/\/www.facebook.com\/istatahkim\/\" \/>\n<meta property=\"article:published_time\" content=\"2017-03-10T19:07:50+00:00\" \/>\n<meta property=\"article:modified_time\" content=\"2020-05-30T19:11:05+00:00\" \/>\n<meta property=\"og:image\" content=\"https:\/\/ista.org.tr\/wp-content\/uploads\/2020\/05\/turk-av-1-olagan-genel-kurulunda-tahkim-merkezi-kurulma-karari-duyuruldu.jpg\" \/>\n\t<meta property=\"og:image:width\" content=\"800\" \/>\n\t<meta property=\"og:image:height\" content=\"533\" \/>\n\t<meta property=\"og:image:type\" content=\"image\/jpeg\" \/>\n<meta name=\"author\" content=\"Eyl\u00fcl G\u00f6rm\u00fc\u015f\" \/>\n<meta name=\"twitter:card\" content=\"summary_large_image\" \/>\n<meta name=\"twitter:creator\" content=\"@ISTAtahkim\" \/>\n<meta name=\"twitter:site\" content=\"@ISTAtahkim\" \/>\n<meta name=\"twitter:label1\" content=\"Written by\" \/>\n\t<meta name=\"twitter:data1\" content=\"Eyl\u00fcl G\u00f6rm\u00fc\u015f\" \/>\n\t<meta name=\"twitter:label2\" content=\"Est. reading time\" \/>\n\t<meta name=\"twitter:data2\" content=\"1 minute\" \/>\n<script type=\"application\/ld+json\" class=\"yoast-schema-graph\">{\"@context\":\"https:\/\/schema.org\",\"@graph\":[{\"@type\":\"Article\",\"@id\":\"https:\/\/ista.org.tr\/blog\/haberler\/turk-av-1-olagan-genel-kurulunda-tahkim-merkezi-kurulma-karari-duyuruldu\/#article\",\"isPartOf\":{\"@id\":\"https:\/\/ista.org.tr\/blog\/haberler\/turk-av-1-olagan-genel-kurulunda-tahkim-merkezi-kurulma-karari-duyuruldu\/\"},\"author\":{\"name\":\"Eyl\u00fcl G\u00f6rm\u00fc\u015f\",\"@id\":\"https:\/\/ista.org.tr\/#\/schema\/person\/f46bf0e6c7fa248b7fbfb5276ea6e634\"},\"headline\":\"T\u00dcRK-AV 1. Ola\u011fan Genel Kurulu&#8217;nda Tahkim Merkezi Kurulma Karar\u0131 Duyuruldu\",\"datePublished\":\"2017-03-10T19:07:50+00:00\",\"dateModified\":\"2020-05-30T19:11:05+00:00\",\"mainEntityOfPage\":{\"@id\":\"https:\/\/ista.org.tr\/blog\/haberler\/turk-av-1-olagan-genel-kurulunda-tahkim-merkezi-kurulma-karari-duyuruldu\/\"},\"wordCount\":198,\"commentCount\":0,\"publisher\":{\"@id\":\"https:\/\/ista.org.tr\/#organization\"},\"keywords\":[\"Metin Fevzio\u011flu\",\"TBB\",\"T\u00fcrk Dili Konu\u015fan ve Akraba \u00dclkeler Avukat \u00d6rg\u00fctleri Birli\u011fi\",\"T\u00dcRK-AV\",\"T\u00fcrkiye Barolar Birli\u011fi\"],\"articleSection\":[\"Haberler\",\"T\u00fcrkiye Barolar Birli\u011fi\"],\"inLanguage\":\"en-US\",\"potentialAction\":[{\"@type\":\"CommentAction\",\"name\":\"Comment\",\"target\":[\"https:\/\/ista.org.tr\/blog\/haberler\/turk-av-1-olagan-genel-kurulunda-tahkim-merkezi-kurulma-karari-duyuruldu\/#respond\"]}]},{\"@type\":\"WebPage\",\"@id\":\"https:\/\/ista.org.tr\/blog\/haberler\/turk-av-1-olagan-genel-kurulunda-tahkim-merkezi-kurulma-karari-duyuruldu\/\",\"url\":\"https:\/\/ista.org.tr\/blog\/haberler\/turk-av-1-olagan-genel-kurulunda-tahkim-merkezi-kurulma-karari-duyuruldu\/\",\"name\":\"T\u00dcRK-AV 1. Ola\u011fan Genel Kurulu'nda Tahkim Merkezi Kurulma Karar\u0131 Duyuruldu | \u0130STA\",\"isPartOf\":{\"@id\":\"https:\/\/ista.org.tr\/#website\"},\"datePublished\":\"2017-03-10T19:07:50+00:00\",\"dateModified\":\"2020-05-30T19:11:05+00:00\",\"description\":\"\u0130STA taraf\u0131ndan yay\u0131nlanan T\u00dcRK-AV 1. Ola\u011fan Genel Kurulu'nda Tahkim Merkezi Kurulma Karar\u0131 Duyuruldu konulu yaz\u0131y\u0131 incelemek i\u00e7in sitemizi ziyaret edin.\",\"breadcrumb\":{\"@id\":\"https:\/\/ista.org.tr\/blog\/haberler\/turk-av-1-olagan-genel-kurulunda-tahkim-merkezi-kurulma-karari-duyuruldu\/#breadcrumb\"},\"inLanguage\":\"en-US\",\"potentialAction\":[{\"@type\":\"ReadAction\",\"target\":[\"https:\/\/ista.org.tr\/blog\/haberler\/turk-av-1-olagan-genel-kurulunda-tahkim-merkezi-kurulma-karari-duyuruldu\/\"]}]},{\"@type\":\"BreadcrumbList\",\"@id\":\"https:\/\/ista.org.tr\/blog\/haberler\/turk-av-1-olagan-genel-kurulunda-tahkim-merkezi-kurulma-karari-duyuruldu\/#breadcrumb\",\"itemListElement\":[{\"@type\":\"ListItem\",\"position\":1,\"name\":\"Ana sayfa\",\"item\":\"https:\/\/ista.org.tr\/\"},{\"@type\":\"ListItem\",\"position\":2,\"name\":\"T\u00dcRK-AV 1. Ola\u011fan Genel Kurulu&#8217;nda Tahkim Merkezi Kurulma Karar\u0131 Duyuruldu\"}]},{\"@type\":\"WebSite\",\"@id\":\"https:\/\/ista.org.tr\/#website\",\"url\":\"https:\/\/ista.org.tr\/\",\"name\":\"\u0130STA\",\"description\":\"\u0130stanbul Tahkim Derne\u011fi\",\"publisher\":{\"@id\":\"https:\/\/ista.org.tr\/#organization\"},\"potentialAction\":[{\"@type\":\"SearchAction\",\"target\":{\"@type\":\"EntryPoint\",\"urlTemplate\":\"https:\/\/ista.org.tr\/?s={search_term_string}\"},\"query-input\":\"required name=search_term_string\"}],\"inLanguage\":\"en-US\"},{\"@type\":\"Organization\",\"@id\":\"https:\/\/ista.org.tr\/#organization\",\"name\":\"\u0130stanbul Tahkim Derne\u011fi\",\"url\":\"https:\/\/ista.org.tr\/\",\"logo\":{\"@type\":\"ImageObject\",\"inLanguage\":\"en-US\",\"@id\":\"https:\/\/ista.org.tr\/#\/schema\/logo\/image\/\",\"url\":\"https:\/\/ista.org.tr\/wp-content\/uploads\/2019\/12\/ista-logo.png\",\"contentUrl\":\"https:\/\/ista.org.tr\/wp-content\/uploads\/2019\/12\/ista-logo.png\",\"width\":400,\"height\":400,\"caption\":\"\u0130stanbul Tahkim Derne\u011fi\"},\"image\":{\"@id\":\"https:\/\/ista.org.tr\/#\/schema\/logo\/image\/\"},\"sameAs\":[\"https:\/\/www.youtube.com\/channel\/UCZeVp4QaClBT9w13rtPk44Q\/videos\",\"https:\/\/www.facebook.com\/istatahkim\/\",\"https:\/\/twitter.com\/ISTAtahkim\"]},{\"@type\":\"Person\",\"@id\":\"https:\/\/ista.org.tr\/#\/schema\/person\/f46bf0e6c7fa248b7fbfb5276ea6e634\",\"name\":\"Eyl\u00fcl G\u00f6rm\u00fc\u015f\",\"image\":{\"@type\":\"ImageObject\",\"inLanguage\":\"en-US\",\"@id\":\"https:\/\/ista.org.tr\/#\/schema\/person\/image\/\",\"url\":\"https:\/\/secure.gravatar.com\/avatar\/df97169739e0f4433bb404f0975f5761?s=96&d=mm&r=g\",\"contentUrl\":\"https:\/\/secure.gravatar.com\/avatar\/df97169739e0f4433bb404f0975f5761?s=96&d=mm&r=g\",\"caption\":\"Eyl\u00fcl G\u00f6rm\u00fc\u015f\"},\"sameAs\":[\"https:\/\/yakinda.org\"]}]}<\/script>\n<!-- \/ Yoast SEO plugin. -->","yoast_head_json":{"title":"T\u00dcRK-AV 1. Ola\u011fan Genel Kurulu'nda Tahkim Merkezi Kurulma Karar\u0131 Duyuruldu | \u0130STA","description":"\u0130STA taraf\u0131ndan yay\u0131nlanan T\u00dcRK-AV 1. Ola\u011fan Genel Kurulu'nda Tahkim Merkezi Kurulma Karar\u0131 Duyuruldu konulu yaz\u0131y\u0131 incelemek i\u00e7in sitemizi ziyaret edin.","robots":{"index":"index","follow":"follow","max-snippet":"max-snippet:-1","max-image-preview":"max-image-preview:large","max-video-preview":"max-video-preview:-1"},"canonical":"https:\/\/ista.org.tr\/blog\/haberler\/turk-av-1-olagan-genel-kurulunda-tahkim-merkezi-kurulma-karari-duyuruldu\/","og_locale":"en_US","og_type":"article","og_title":"T\u00dcRK-AV 1. Ola\u011fan Genel Kurulu'nda Tahkim Merkezi Kurulma Karar\u0131 Duyuruldu | \u0130STA","og_description":"\u0130STA taraf\u0131ndan yay\u0131nlanan T\u00dcRK-AV 1. Ola\u011fan Genel Kurulu'nda Tahkim Merkezi Kurulma Karar\u0131 Duyuruldu konulu yaz\u0131y\u0131 incelemek i\u00e7in sitemizi ziyaret edin.","og_url":"https:\/\/ista.org.tr\/blog\/haberler\/turk-av-1-olagan-genel-kurulunda-tahkim-merkezi-kurulma-karari-duyuruldu\/","og_site_name":"\u0130STA","article_publisher":"https:\/\/www.facebook.com\/istatahkim\/","article_published_time":"2017-03-10T19:07:50+00:00","article_modified_time":"2020-05-30T19:11:05+00:00","og_image":[{"width":800,"height":533,"url":"https:\/\/ista.org.tr\/wp-content\/uploads\/2020\/05\/turk-av-1-olagan-genel-kurulunda-tahkim-merkezi-kurulma-karari-duyuruldu.jpg","type":"image\/jpeg"}],"author":"Eyl\u00fcl G\u00f6rm\u00fc\u015f","twitter_card":"summary_large_image","twitter_creator":"@ISTAtahkim","twitter_site":"@ISTAtahkim","twitter_misc":{"Written by":"Eyl\u00fcl G\u00f6rm\u00fc\u015f","Est. reading time":"1 minute"},"schema":{"@context":"https:\/\/schema.org","@graph":[{"@type":"Article","@id":"https:\/\/ista.org.tr\/blog\/haberler\/turk-av-1-olagan-genel-kurulunda-tahkim-merkezi-kurulma-karari-duyuruldu\/#article","isPartOf":{"@id":"https:\/\/ista.org.tr\/blog\/haberler\/turk-av-1-olagan-genel-kurulunda-tahkim-merkezi-kurulma-karari-duyuruldu\/"},"author":{"name":"Eyl\u00fcl G\u00f6rm\u00fc\u015f","@id":"https:\/\/ista.org.tr\/#\/schema\/person\/f46bf0e6c7fa248b7fbfb5276ea6e634"},"headline":"T\u00dcRK-AV 1. Ola\u011fan Genel Kurulu&#8217;nda Tahkim Merkezi Kurulma Karar\u0131 Duyuruldu","datePublished":"2017-03-10T19:07:50+00:00","dateModified":"2020-05-30T19:11:05+00:00","mainEntityOfPage":{"@id":"https:\/\/ista.org.tr\/blog\/haberler\/turk-av-1-olagan-genel-kurulunda-tahkim-merkezi-kurulma-karari-duyuruldu\/"},"wordCount":198,"commentCount":0,"publisher":{"@id":"https:\/\/ista.org.tr\/#organization"},"keywords":["Metin Fevzio\u011flu","TBB","T\u00fcrk Dili Konu\u015fan ve Akraba \u00dclkeler Avukat \u00d6rg\u00fctleri Birli\u011fi","T\u00dcRK-AV","T\u00fcrkiye Barolar Birli\u011fi"],"articleSection":["Haberler","T\u00fcrkiye Barolar Birli\u011fi"],"inLanguage":"en-US","potentialAction":[{"@type":"CommentAction","name":"Comment","target":["https:\/\/ista.org.tr\/blog\/haberler\/turk-av-1-olagan-genel-kurulunda-tahkim-merkezi-kurulma-karari-duyuruldu\/#respond"]}]},{"@type":"WebPage","@id":"https:\/\/ista.org.tr\/blog\/haberler\/turk-av-1-olagan-genel-kurulunda-tahkim-merkezi-kurulma-karari-duyuruldu\/","url":"https:\/\/ista.org.tr\/blog\/haberler\/turk-av-1-olagan-genel-kurulunda-tahkim-merkezi-kurulma-karari-duyuruldu\/","name":"T\u00dcRK-AV 1. Ola\u011fan Genel Kurulu'nda Tahkim Merkezi Kurulma Karar\u0131 Duyuruldu | \u0130STA","isPartOf":{"@id":"https:\/\/ista.org.tr\/#website"},"datePublished":"2017-03-10T19:07:50+00:00","dateModified":"2020-05-30T19:11:05+00:00","description":"\u0130STA taraf\u0131ndan yay\u0131nlanan T\u00dcRK-AV 1. Ola\u011fan Genel Kurulu'nda Tahkim Merkezi Kurulma Karar\u0131 Duyuruldu konulu yaz\u0131y\u0131 incelemek i\u00e7in sitemizi ziyaret edin.","breadcrumb":{"@id":"https:\/\/ista.org.tr\/blog\/haberler\/turk-av-1-olagan-genel-kurulunda-tahkim-merkezi-kurulma-karari-duyuruldu\/#breadcrumb"},"inLanguage":"en-US","potentialAction":[{"@type":"ReadAction","target":["https:\/\/ista.org.tr\/blog\/haberler\/turk-av-1-olagan-genel-kurulunda-tahkim-merkezi-kurulma-karari-duyuruldu\/"]}]},{"@type":"BreadcrumbList","@id":"https:\/\/ista.org.tr\/blog\/haberler\/turk-av-1-olagan-genel-kurulunda-tahkim-merkezi-kurulma-karari-duyuruldu\/#breadcrumb","itemListElement":[{"@type":"ListItem","position":1,"name":"Ana sayfa","item":"https:\/\/ista.org.tr\/"},{"@type":"ListItem","position":2,"name":"T\u00dcRK-AV 1. Ola\u011fan Genel Kurulu&#8217;nda Tahkim Merkezi Kurulma Karar\u0131 Duyuruldu"}]},{"@type":"WebSite","@id":"https:\/\/ista.org.tr\/#website","url":"https:\/\/ista.org.tr\/","name":"\u0130STA","description":"\u0130stanbul Tahkim Derne\u011fi","publisher":{"@id":"https:\/\/ista.org.tr\/#organization"},"potentialAction":[{"@type":"SearchAction","target":{"@type":"EntryPoint","urlTemplate":"https:\/\/ista.org.tr\/?s={search_term_string}"},"query-input":"required name=search_term_string"}],"inLanguage":"en-US"},{"@type":"Organization","@id":"https:\/\/ista.org.tr\/#organization","name":"\u0130stanbul Tahkim Derne\u011fi","url":"https:\/\/ista.org.tr\/","logo":{"@type":"ImageObject","inLanguage":"en-US","@id":"https:\/\/ista.org.tr\/#\/schema\/logo\/image\/","url":"https:\/\/ista.org.tr\/wp-content\/uploads\/2019\/12\/ista-logo.png","contentUrl":"https:\/\/ista.org.tr\/wp-content\/uploads\/2019\/12\/ista-logo.png","width":400,"height":400,"caption":"\u0130stanbul Tahkim Derne\u011fi"},"image":{"@id":"https:\/\/ista.org.tr\/#\/schema\/logo\/image\/"},"sameAs":["https:\/\/www.youtube.com\/channel\/UCZeVp4QaClBT9w13rtPk44Q\/videos","https:\/\/www.facebook.com\/istatahkim\/","https:\/\/twitter.com\/ISTAtahkim"]},{"@type":"Person","@id":"https:\/\/ista.org.tr\/#\/schema\/person\/f46bf0e6c7fa248b7fbfb5276ea6e634","name":"Eyl\u00fcl G\u00f6rm\u00fc\u015f","image":{"@type":"ImageObject","inLanguage":"en-US","@id":"https:\/\/ista.org.tr\/#\/schema\/person\/image\/","url":"https:\/\/secure.gravatar.com\/avatar\/df97169739e0f4433bb404f0975f5761?s=96&d=mm&r=g","contentUrl":"https:\/\/secure.gravatar.com\/avatar\/df97169739e0f4433bb404f0975f5761?s=96&d=mm&r=g","caption":"Eyl\u00fcl G\u00f6rm\u00fc\u015f"},"sameAs":["https:\/\/yakinda.org"]}]}},"_links":{"self":[{"href":"https:\/\/ista.org.tr\/en\/wp-json\/wp\/v2\/posts\/647"}],"collection":[{"href":"https:\/\/ista.org.tr\/en\/wp-json\/wp\/v2\/posts"}],"about":[{"href":"https:\/\/ista.org.tr\/en\/wp-json\/wp\/v2\/types\/post"}],"author":[{"embeddable":true,"href":"https:\/\/ista.org.tr\/en\/wp-json\/wp\/v2\/users\/1"}],"replies":[{"embeddable":true,"href":"https:\/\/ista.org.tr\/en\/wp-json\/wp\/v2\/comments?post=647"}],"version-history":[{"count":2,"href":"https:\/\/ista.org.tr\/en\/wp-json\/wp\/v2\/posts\/647\/revisions"}],"predecessor-version":[{"id":650,"href":"https:\/\/ista.org.tr\/en\/wp-json\/wp\/v2\/posts\/647\/revisions\/650"}],"wp:featuredmedia":[{"embeddable":true,"href":"https:\/\/ista.org.tr\/en\/wp-json\/wp\/v2\/media\/649"}],"wp:attachment":[{"href":"https:\/\/ista.org.tr\/en\/wp-json\/wp\/v2\/media?parent=647"}],"wp:term":[{"taxonomy":"category","embeddable":true,"href":"https:\/\/ista.org.tr\/en\/wp-json\/wp\/v2\/categories?post=647"},{"taxonomy":"post_tag","embeddable":true,"href":"https:\/\/ista.org.tr\/en\/wp-json\/wp\/v2\/tags?post=647"}],"curies":[{"name":"wp","href":"https:\/\/api.w.org\/{rel}","templated":true}]}}