{"id":678,"date":"2017-07-27T22:42:46","date_gmt":"2017-07-27T19:42:46","guid":{"rendered":"http:\/\/ista.org.tr\/haberler\/iran-ve-tahkim-copy\/"},"modified":"2020-05-30T22:45:53","modified_gmt":"2020-05-30T19:45:53","slug":"turkiye-abd-hakkinda-dto-uyusmazlik-cozum-mekanizmasina-basvurdu","status":"publish","type":"post","link":"https:\/\/ista.org.tr\/en\/blog\/haberler\/turkiye-abd-hakkinda-dto-uyusmazlik-cozum-mekanizmasina-basvurdu\/","title":{"rendered":"T\u00fcrkiye, ABD Hakk\u0131nda DT\u00d6 Uyu\u015fmazl\u0131k \u00c7\u00f6z\u00fcm Mekanizmas\u0131na Ba\u015fvurdu"},"content":{"rendered":"<p><strong>T\u00fcrkiye, ABD hakk\u0131nda D\u00fcnya Ticaret \u00d6rg\u00fct\u00fc (DT\u00d6) uyu\u015fmazl\u0131k \u00e7\u00f6z\u00fcm mekanizmas\u0131na ba\u015fvurdu. Ba\u015fvuru, ABD\u2019nin boru ve t\u00fcp \u00fcr\u00fcnlerine ilgili anla\u015fmalara ayk\u0131r\u0131 \u015fekilde g\u00fcmr\u00fck vergisi uygulad\u0131\u011f\u0131 iddias\u0131 ile yap\u0131ld\u0131. 60 g\u00fcnl\u00fck uzla\u015f\u0131 s\u00fcrecinden sonu\u015f al\u0131namazsa uyu\u015fmazl\u0131k tahkime gidecek.<\/strong><\/p>\n<div class=\"pasted\">\n<p>S\u00f6z konusu uyu\u015fmazl\u0131k \u00f6ncelikli olarak \u00e7elik sekt\u00f6r\u00fcn\u00fc kaps\u0131yor ve ABD\u2019nin tarife d\u0131\u015f\u0131 engel niteli\u011fi ta\u015f\u0131yan bir anti-damping soru\u015fturmas\u0131 sonucu al\u0131nm\u0131\u015f g\u00fcmr\u00fck uygulamalar\u0131n\u0131 i\u00e7eriyor.<\/p>\n<p>T\u00fcrkiye, mevcut d\u00fczenlemenin baz\u0131 \u00f6nemli ve metodolojik y\u00f6nleri ile telafi edici vergilerin, DT\u00d6\u2019n\u00fcn S\u00fcbvansiyonlar ve Telafi Edici Tedbirler Anla\u015fmas\u0131 (SCM Anla\u015fmas\u0131) ve Tarifeler ve Ticaret Genel Anla\u015fmas\u0131\u2019na (GATT) uygun olmad\u0131\u011f\u0131n\u0131 iddia etti.<\/p>\n<p><strong>T\u00fcrk \u00c7elik Sekt\u00f6r\u00fc ABD\u2019nin Korumac\u0131 Politikalar\u0131ndan Rahats\u0131z<\/strong><\/p>\n<p>T\u00fcrkiye \u00c7elik \u00dcreticileri Derne\u011fi (T\u00c7\u00dcD) Y\u00f6netim Kurulu \u00dcyesi U\u011fur Dalbeler, ABD\u2019nin G\u00fcmr\u00fck Politikalar\u0131na ili\u015fkin olarak daha \u00f6nce VOA\u2019e yapt\u0131\u011f\u0131 bir a\u00e7\u0131klamada Amerika\u2019n\u0131n mevcut ticaret politikalar\u0131n\u0131n giderek daha korumac\u0131 bir hal ald\u0131\u011f\u0131n\u0131n ve bunun adil ticaret \u00f6n\u00fcnde T\u00fcrkiye dahil di\u011fer \u00fclkeler i\u00e7in engel olu\u015fturdu\u011funu s\u00f6ylemi\u015fti.<\/p>\n<p>Amerika\u2019n\u0131n politikalar\u0131n\u0131n t\u00fcm d\u00fcnyaya emsal olu\u015fturmas\u0131 ve bu \u015fekilde korumac\u0131l\u0131\u011f\u0131n giderek t\u00fcm d\u00fcnyaya yay\u0131lmas\u0131 endi\u015fesini de dile getiren Dalbeler: \u201cSon zamanlarda yerli sanayinin Washington \u00fczerindeki bask\u0131lar\u0131 sonucunda Amerika serbest ticaret ortam\u0131ndan hafif hafif kaymaya ba\u015flad\u0131. Bu konuya itiraz etmemiz laz\u0131m, \u00e7\u00fcnk\u00fc sesimizi \u00e7\u0131karmad\u0131\u011f\u0131m\u0131z takdirde i\u015f daha fazla korumac\u0131l\u0131\u011fa d\u00f6necektir.\u201d ifadelerine kullanm\u0131\u015ft\u0131.<\/p>\n<p>Bakan Zeybek\u00e7i WTO\u2019ye Ba\u015fvurulaca\u011f\u0131n\u0131 A\u00e7\u0131klam\u0131\u015ft\u0131<\/p>\n<p>Konu ile ilgili olarak Ocak Ay\u0131nda WTO\u2019ye ba\u015fvurulaca\u011f\u0131n\u0131 a\u00e7\u0131klayan Ekonomi Bakan\u0131 Nihat Zeybek\u00e7i \u015fu ifadeleri kullanm\u0131\u015ft\u0131 \u201cB\u00fct\u00fcn bu geli\u015fmelerin oldu\u011fu bir ortamda, ABD, T\u00fcrk \u00e7elik sekt\u00f6r\u00fcne y\u00f6nelik son derece sa\u00e7ma, hi\u00e7bir gerek\u00e7esi yok, antidamping soru\u015fturmas\u0131 a\u00e7t\u0131 ve ilave g\u00fcmr\u00fck vergisi koydu. Gerek gaz, gerek petrol ta\u015f\u0131mac\u0131l\u0131\u011f\u0131 ve di\u011fer alanlarda kullan\u0131lmak \u00fczere iyi teknolojiyle T\u00fcrk \u00e7elik sekt\u00f6r\u00fcn\u00fcn \u00fcretti\u011fi borulara ilave g\u00fcmr\u00fck vergisi koydu. Gerek\u00e7e de son derece komik. \u00dc\u00e7 defa soru\u015fturma a\u00e7t\u0131, s\u0131f\u0131r \u00e7\u0131kt\u0131. D\u00f6rd\u00fcnc\u00fcde \u2018T\u00fcrkiye\u2019deki \u00fcretici bir firma bir ham maddeyi Ere\u011fli Demir \u00c7elik\u2019ten ald\u0131\u011f\u0131 i\u00e7in.\u2019 Alabilir, nesi var? \u00d6zel sekt\u00f6r, kamuya a\u00e7\u0131k, borsada. \u2018Ama Ere\u011fli Demir \u00c7elik\u2019in bir k\u0131s\u0131m hissesi de OYAK\u2019ta.\u2019 Olabilir, OYAK da bir emeklilik fonu. \u2018OYAK bir Ordu kurulu\u015fu oldu\u011fu i\u00e7in devletle ba\u011flant\u0131s\u0131 oldu\u011fundan, devlet buradan gizli bir \u015fekilde bunu s\u00fcbvanse etti\u2019 diyerek, alakas\u0131z bir \u015fekilde, \u2018suyu sen buland\u0131r\u0131yorsun\u2019 mazereti bularak b\u00f6yle bir antidamping soru\u015fturmas\u0131.\u201d<\/p>\n<p>Zeybekci ayr\u0131ca, Trump\u2019\u0131n korumac\u0131, i\u00e7ine kapal\u0131, milliyet\u00e7i ve farkl\u0131 ekonomi s\u00f6ylemleriyle \u00f6n plana \u00e7\u0131kt\u0131\u011f\u0131n\u0131 ve bunlar\u0131n sonu\u00e7lar\u0131n\u0131n gelecek g\u00fcnlerde g\u00f6r\u00fclece\u011fini dile getirdi.<\/p>\n<p><strong>Uyu\u015fmazl\u0131k 60 G\u00fcn Sonra Tahkime Gidebilir<\/strong><\/p>\n<p>T\u00fcrkiye\u2019nin konuyu g\u00f6r\u00fc\u015fme talebi, DT\u00d6\u2019de resmi olarak tart\u0131\u015f\u0131lacak. G\u00f6r\u00fc\u015fmelerde, taraflara konuyu tart\u0131\u015fmak ve dava a\u00e7madan tatmin edici bir \u00e7\u00f6z\u00fcm bulmak i\u00e7in f\u0131rsat sa\u011flanacak. Mevcut DT\u00d6 kurallar\u0131 gere\u011fi, ABD 60 g\u00fcn i\u00e7inde konuya \u00e7\u00f6z\u00fcm bulabilir ve bu ama\u00e7la T\u00fcrkiye ile g\u00f6r\u00fc\u015fmeler y\u00fcr\u00fctebilir.<\/p>\n<p>Yine kurallara g\u00f6re, e\u011fer soruna 60 g\u00fcn i\u00e7inde \u00e7\u00f6z\u00fcm bulunamazsa, T\u00fcrkiye, DT\u00d6\u2019den hakemlik yapmas\u0131n\u0131 isteyebilir ve Amerikan taraf\u0131na kar\u015f\u0131 yarg\u0131lama talebinde bulunabilir. Bu durumda yarg\u0131lama WTO sekreteryas\u0131nda \u00f6zel bir tahkim usul\u00fc ile ger\u00e7ekle\u015ftirilecek.<\/p>\n<p>WT\/DS523\/1 Dosya Numaras\u0131 ile ba\u015flat\u0131lan talebe ili\u015fkin WTO Web Sitesinde yer alan haber:<br \/>\n<a href=\"https:\/\/www.wto.org\/english\/news_e\/news17_e\/ds523rfc_08mar17_e.htm\">https:\/\/www.wto.org\/english\/news_e\/news17_e\/ds523rfc_08mar17_e.htm<\/a><\/p>\n<p>DT\u00d6 uyu\u015fmazl\u0131k \u00e7\u00f6z\u00fcm mekanizmas\u0131n\u0131n i\u015fleyi\u015fi hakk\u0131nda ayr\u0131nt\u0131l\u0131 bilgi wto.org web sitesinde yer almaktad\u0131r:<br \/>\n<a href=\"https:\/\/www.wto.org\/english\/tratop_e\/dispu_e\/dispu_e.htm\">https:\/\/www.wto.org\/english\/tratop_e\/dispu_e\/dispu_e.htm<\/a><\/p>\n<p>Ekonomi Bakan\u0131 Nihat Zeybek\u00e7i\u2019nin a\u00e7\u0131klamalar\u0131n\u0131n ayr\u0131nt\u0131lar\u0131 i\u00e7in:<br \/>\n<a href=\"http:\/\/www.milliyet.com.tr\/turkiye-abd-yi-dto-ye-sikayet-ekonomi-2379346\/\">http:\/\/www.milliyet.com.tr\/turkiye-abd-yi-dto-ye-sikayet-ekonomi-2379346\/<\/a><\/p>\n<\/div>\n","protected":false},"excerpt":{"rendered":"<p>T\u00fcrkiye, ABD hakk\u0131nda D\u00fcnya Ticaret \u00d6rg\u00fct\u00fc (DT\u00d6) uyu\u015fmazl\u0131k \u00e7\u00f6z\u00fcm mekanizmas\u0131na ba\u015fvurdu. Ba\u015fvuru, ABD\u2019nin boru ve&#8230;<\/p>\n","protected":false},"author":1,"featured_media":680,"comment_status":"open","ping_status":"open","sticky":false,"template":"","format":"standard","meta":{"_mi_skip_tracking":false},"categories":[4,7],"tags":[53,52,40],"yoast_head":"<!-- This site is optimized with the Yoast SEO plugin v19.14 - https:\/\/yoast.com\/wordpress\/plugins\/seo\/ -->\n<title>T\u00fcrkiye, ABD Hakk\u0131nda DT\u00d6 Uyu\u015fmazl\u0131k \u00c7\u00f6z\u00fcm Mekanizmas\u0131na Ba\u015fvurdu | \u0130STA<\/title>\n<meta name=\"description\" content=\"\u0130STA taraf\u0131ndan yay\u0131nlanan T\u00fcrkiye, ABD Hakk\u0131nda DT\u00d6 Uyu\u015fmazl\u0131k \u00c7\u00f6z\u00fcm Mekanizmas\u0131na Ba\u015fvurdu konulu yaz\u0131y\u0131 incelemek i\u00e7in sitemizi ziyaret edin.\" \/>\n<meta name=\"robots\" content=\"index, follow, max-snippet:-1, max-image-preview:large, max-video-preview:-1\" \/>\n<link rel=\"canonical\" href=\"https:\/\/ista.org.tr\/blog\/haberler\/turkiye-abd-hakkinda-dto-uyusmazlik-cozum-mekanizmasina-basvurdu\/\" \/>\n<meta property=\"og:locale\" content=\"en_US\" \/>\n<meta property=\"og:type\" content=\"article\" \/>\n<meta property=\"og:title\" content=\"T\u00fcrkiye, ABD Hakk\u0131nda DT\u00d6 Uyu\u015fmazl\u0131k \u00c7\u00f6z\u00fcm Mekanizmas\u0131na Ba\u015fvurdu | \u0130STA\" \/>\n<meta property=\"og:description\" content=\"\u0130STA taraf\u0131ndan yay\u0131nlanan T\u00fcrkiye, ABD Hakk\u0131nda DT\u00d6 Uyu\u015fmazl\u0131k \u00c7\u00f6z\u00fcm Mekanizmas\u0131na Ba\u015fvurdu konulu yaz\u0131y\u0131 incelemek i\u00e7in sitemizi ziyaret edin.\" \/>\n<meta property=\"og:url\" content=\"https:\/\/ista.org.tr\/blog\/haberler\/turkiye-abd-hakkinda-dto-uyusmazlik-cozum-mekanizmasina-basvurdu\/\" \/>\n<meta property=\"og:site_name\" content=\"\u0130STA\" \/>\n<meta property=\"article:publisher\" content=\"https:\/\/www.facebook.com\/istatahkim\/\" \/>\n<meta property=\"article:published_time\" content=\"2017-07-27T19:42:46+00:00\" \/>\n<meta property=\"article:modified_time\" content=\"2020-05-30T19:45:53+00:00\" \/>\n<meta property=\"og:image\" content=\"https:\/\/ista.org.tr\/wp-content\/uploads\/2020\/05\/tuerkiye-abd-hakkinda-dtoe-uyusmazlik-coezuem-mekanizmasina-basvurdu.png\" \/>\n\t<meta property=\"og:image:width\" content=\"800\" \/>\n\t<meta property=\"og:image:height\" content=\"400\" \/>\n\t<meta property=\"og:image:type\" content=\"image\/png\" \/>\n<meta name=\"author\" content=\"Eyl\u00fcl G\u00f6rm\u00fc\u015f\" \/>\n<meta name=\"twitter:card\" content=\"summary_large_image\" \/>\n<meta name=\"twitter:creator\" content=\"@ISTAtahkim\" \/>\n<meta name=\"twitter:site\" content=\"@ISTAtahkim\" \/>\n<meta name=\"twitter:label1\" content=\"Written by\" \/>\n\t<meta name=\"twitter:data1\" content=\"Eyl\u00fcl G\u00f6rm\u00fc\u015f\" \/>\n\t<meta name=\"twitter:label2\" content=\"Est. reading time\" \/>\n\t<meta name=\"twitter:data2\" content=\"4 minutes\" \/>\n<script type=\"application\/ld+json\" class=\"yoast-schema-graph\">{\"@context\":\"https:\/\/schema.org\",\"@graph\":[{\"@type\":\"Article\",\"@id\":\"https:\/\/ista.org.tr\/blog\/haberler\/turkiye-abd-hakkinda-dto-uyusmazlik-cozum-mekanizmasina-basvurdu\/#article\",\"isPartOf\":{\"@id\":\"https:\/\/ista.org.tr\/blog\/haberler\/turkiye-abd-hakkinda-dto-uyusmazlik-cozum-mekanizmasina-basvurdu\/\"},\"author\":{\"name\":\"Eyl\u00fcl G\u00f6rm\u00fc\u015f\",\"@id\":\"https:\/\/ista.org.tr\/#\/schema\/person\/f46bf0e6c7fa248b7fbfb5276ea6e634\"},\"headline\":\"T\u00fcrkiye, ABD Hakk\u0131nda DT\u00d6 Uyu\u015fmazl\u0131k \u00c7\u00f6z\u00fcm Mekanizmas\u0131na Ba\u015fvurdu\",\"datePublished\":\"2017-07-27T19:42:46+00:00\",\"dateModified\":\"2020-05-30T19:45:53+00:00\",\"mainEntityOfPage\":{\"@id\":\"https:\/\/ista.org.tr\/blog\/haberler\/turkiye-abd-hakkinda-dto-uyusmazlik-cozum-mekanizmasina-basvurdu\/\"},\"wordCount\":768,\"commentCount\":0,\"publisher\":{\"@id\":\"https:\/\/ista.org.tr\/#organization\"},\"keywords\":[\"abd\",\"dt\u00f6\",\"T\u00fcrkiye\"],\"articleSection\":[\"Haberler\",\"Uluslararas\u0131 Ticari Tahkim\"],\"inLanguage\":\"en-US\",\"potentialAction\":[{\"@type\":\"CommentAction\",\"name\":\"Comment\",\"target\":[\"https:\/\/ista.org.tr\/blog\/haberler\/turkiye-abd-hakkinda-dto-uyusmazlik-cozum-mekanizmasina-basvurdu\/#respond\"]}]},{\"@type\":\"WebPage\",\"@id\":\"https:\/\/ista.org.tr\/blog\/haberler\/turkiye-abd-hakkinda-dto-uyusmazlik-cozum-mekanizmasina-basvurdu\/\",\"url\":\"https:\/\/ista.org.tr\/blog\/haberler\/turkiye-abd-hakkinda-dto-uyusmazlik-cozum-mekanizmasina-basvurdu\/\",\"name\":\"T\u00fcrkiye, ABD Hakk\u0131nda DT\u00d6 Uyu\u015fmazl\u0131k \u00c7\u00f6z\u00fcm Mekanizmas\u0131na Ba\u015fvurdu | \u0130STA\",\"isPartOf\":{\"@id\":\"https:\/\/ista.org.tr\/#website\"},\"datePublished\":\"2017-07-27T19:42:46+00:00\",\"dateModified\":\"2020-05-30T19:45:53+00:00\",\"description\":\"\u0130STA taraf\u0131ndan yay\u0131nlanan T\u00fcrkiye, ABD Hakk\u0131nda DT\u00d6 Uyu\u015fmazl\u0131k \u00c7\u00f6z\u00fcm Mekanizmas\u0131na Ba\u015fvurdu konulu yaz\u0131y\u0131 incelemek i\u00e7in sitemizi ziyaret edin.\",\"breadcrumb\":{\"@id\":\"https:\/\/ista.org.tr\/blog\/haberler\/turkiye-abd-hakkinda-dto-uyusmazlik-cozum-mekanizmasina-basvurdu\/#breadcrumb\"},\"inLanguage\":\"en-US\",\"potentialAction\":[{\"@type\":\"ReadAction\",\"target\":[\"https:\/\/ista.org.tr\/blog\/haberler\/turkiye-abd-hakkinda-dto-uyusmazlik-cozum-mekanizmasina-basvurdu\/\"]}]},{\"@type\":\"BreadcrumbList\",\"@id\":\"https:\/\/ista.org.tr\/blog\/haberler\/turkiye-abd-hakkinda-dto-uyusmazlik-cozum-mekanizmasina-basvurdu\/#breadcrumb\",\"itemListElement\":[{\"@type\":\"ListItem\",\"position\":1,\"name\":\"Ana sayfa\",\"item\":\"https:\/\/ista.org.tr\/\"},{\"@type\":\"ListItem\",\"position\":2,\"name\":\"T\u00fcrkiye, ABD Hakk\u0131nda DT\u00d6 Uyu\u015fmazl\u0131k \u00c7\u00f6z\u00fcm Mekanizmas\u0131na Ba\u015fvurdu\"}]},{\"@type\":\"WebSite\",\"@id\":\"https:\/\/ista.org.tr\/#website\",\"url\":\"https:\/\/ista.org.tr\/\",\"name\":\"\u0130STA\",\"description\":\"\u0130stanbul Tahkim Derne\u011fi\",\"publisher\":{\"@id\":\"https:\/\/ista.org.tr\/#organization\"},\"potentialAction\":[{\"@type\":\"SearchAction\",\"target\":{\"@type\":\"EntryPoint\",\"urlTemplate\":\"https:\/\/ista.org.tr\/?s={search_term_string}\"},\"query-input\":\"required name=search_term_string\"}],\"inLanguage\":\"en-US\"},{\"@type\":\"Organization\",\"@id\":\"https:\/\/ista.org.tr\/#organization\",\"name\":\"\u0130stanbul Tahkim Derne\u011fi\",\"url\":\"https:\/\/ista.org.tr\/\",\"logo\":{\"@type\":\"ImageObject\",\"inLanguage\":\"en-US\",\"@id\":\"https:\/\/ista.org.tr\/#\/schema\/logo\/image\/\",\"url\":\"https:\/\/ista.org.tr\/wp-content\/uploads\/2019\/12\/ista-logo.png\",\"contentUrl\":\"https:\/\/ista.org.tr\/wp-content\/uploads\/2019\/12\/ista-logo.png\",\"width\":400,\"height\":400,\"caption\":\"\u0130stanbul Tahkim Derne\u011fi\"},\"image\":{\"@id\":\"https:\/\/ista.org.tr\/#\/schema\/logo\/image\/\"},\"sameAs\":[\"https:\/\/www.youtube.com\/channel\/UCZeVp4QaClBT9w13rtPk44Q\/videos\",\"https:\/\/www.facebook.com\/istatahkim\/\",\"https:\/\/twitter.com\/ISTAtahkim\"]},{\"@type\":\"Person\",\"@id\":\"https:\/\/ista.org.tr\/#\/schema\/person\/f46bf0e6c7fa248b7fbfb5276ea6e634\",\"name\":\"Eyl\u00fcl G\u00f6rm\u00fc\u015f\",\"image\":{\"@type\":\"ImageObject\",\"inLanguage\":\"en-US\",\"@id\":\"https:\/\/ista.org.tr\/#\/schema\/person\/image\/\",\"url\":\"https:\/\/secure.gravatar.com\/avatar\/df97169739e0f4433bb404f0975f5761?s=96&d=mm&r=g\",\"contentUrl\":\"https:\/\/secure.gravatar.com\/avatar\/df97169739e0f4433bb404f0975f5761?s=96&d=mm&r=g\",\"caption\":\"Eyl\u00fcl G\u00f6rm\u00fc\u015f\"},\"sameAs\":[\"https:\/\/yakinda.org\"]}]}<\/script>\n<!-- \/ Yoast SEO plugin. -->","yoast_head_json":{"title":"T\u00fcrkiye, ABD Hakk\u0131nda DT\u00d6 Uyu\u015fmazl\u0131k \u00c7\u00f6z\u00fcm Mekanizmas\u0131na Ba\u015fvurdu | \u0130STA","description":"\u0130STA taraf\u0131ndan yay\u0131nlanan T\u00fcrkiye, ABD Hakk\u0131nda DT\u00d6 Uyu\u015fmazl\u0131k \u00c7\u00f6z\u00fcm Mekanizmas\u0131na Ba\u015fvurdu konulu yaz\u0131y\u0131 incelemek i\u00e7in sitemizi ziyaret edin.","robots":{"index":"index","follow":"follow","max-snippet":"max-snippet:-1","max-image-preview":"max-image-preview:large","max-video-preview":"max-video-preview:-1"},"canonical":"https:\/\/ista.org.tr\/blog\/haberler\/turkiye-abd-hakkinda-dto-uyusmazlik-cozum-mekanizmasina-basvurdu\/","og_locale":"en_US","og_type":"article","og_title":"T\u00fcrkiye, ABD Hakk\u0131nda DT\u00d6 Uyu\u015fmazl\u0131k \u00c7\u00f6z\u00fcm Mekanizmas\u0131na Ba\u015fvurdu | \u0130STA","og_description":"\u0130STA taraf\u0131ndan yay\u0131nlanan T\u00fcrkiye, ABD Hakk\u0131nda DT\u00d6 Uyu\u015fmazl\u0131k \u00c7\u00f6z\u00fcm Mekanizmas\u0131na Ba\u015fvurdu konulu yaz\u0131y\u0131 incelemek i\u00e7in sitemizi ziyaret edin.","og_url":"https:\/\/ista.org.tr\/blog\/haberler\/turkiye-abd-hakkinda-dto-uyusmazlik-cozum-mekanizmasina-basvurdu\/","og_site_name":"\u0130STA","article_publisher":"https:\/\/www.facebook.com\/istatahkim\/","article_published_time":"2017-07-27T19:42:46+00:00","article_modified_time":"2020-05-30T19:45:53+00:00","og_image":[{"width":800,"height":400,"url":"https:\/\/ista.org.tr\/wp-content\/uploads\/2020\/05\/tuerkiye-abd-hakkinda-dtoe-uyusmazlik-coezuem-mekanizmasina-basvurdu.png","type":"image\/png"}],"author":"Eyl\u00fcl G\u00f6rm\u00fc\u015f","twitter_card":"summary_large_image","twitter_creator":"@ISTAtahkim","twitter_site":"@ISTAtahkim","twitter_misc":{"Written by":"Eyl\u00fcl G\u00f6rm\u00fc\u015f","Est. reading time":"4 minutes"},"schema":{"@context":"https:\/\/schema.org","@graph":[{"@type":"Article","@id":"https:\/\/ista.org.tr\/blog\/haberler\/turkiye-abd-hakkinda-dto-uyusmazlik-cozum-mekanizmasina-basvurdu\/#article","isPartOf":{"@id":"https:\/\/ista.org.tr\/blog\/haberler\/turkiye-abd-hakkinda-dto-uyusmazlik-cozum-mekanizmasina-basvurdu\/"},"author":{"name":"Eyl\u00fcl G\u00f6rm\u00fc\u015f","@id":"https:\/\/ista.org.tr\/#\/schema\/person\/f46bf0e6c7fa248b7fbfb5276ea6e634"},"headline":"T\u00fcrkiye, ABD Hakk\u0131nda DT\u00d6 Uyu\u015fmazl\u0131k \u00c7\u00f6z\u00fcm Mekanizmas\u0131na Ba\u015fvurdu","datePublished":"2017-07-27T19:42:46+00:00","dateModified":"2020-05-30T19:45:53+00:00","mainEntityOfPage":{"@id":"https:\/\/ista.org.tr\/blog\/haberler\/turkiye-abd-hakkinda-dto-uyusmazlik-cozum-mekanizmasina-basvurdu\/"},"wordCount":768,"commentCount":0,"publisher":{"@id":"https:\/\/ista.org.tr\/#organization"},"keywords":["abd","dt\u00f6","T\u00fcrkiye"],"articleSection":["Haberler","Uluslararas\u0131 Ticari Tahkim"],"inLanguage":"en-US","potentialAction":[{"@type":"CommentAction","name":"Comment","target":["https:\/\/ista.org.tr\/blog\/haberler\/turkiye-abd-hakkinda-dto-uyusmazlik-cozum-mekanizmasina-basvurdu\/#respond"]}]},{"@type":"WebPage","@id":"https:\/\/ista.org.tr\/blog\/haberler\/turkiye-abd-hakkinda-dto-uyusmazlik-cozum-mekanizmasina-basvurdu\/","url":"https:\/\/ista.org.tr\/blog\/haberler\/turkiye-abd-hakkinda-dto-uyusmazlik-cozum-mekanizmasina-basvurdu\/","name":"T\u00fcrkiye, ABD Hakk\u0131nda DT\u00d6 Uyu\u015fmazl\u0131k \u00c7\u00f6z\u00fcm Mekanizmas\u0131na Ba\u015fvurdu | \u0130STA","isPartOf":{"@id":"https:\/\/ista.org.tr\/#website"},"datePublished":"2017-07-27T19:42:46+00:00","dateModified":"2020-05-30T19:45:53+00:00","description":"\u0130STA taraf\u0131ndan yay\u0131nlanan T\u00fcrkiye, ABD Hakk\u0131nda DT\u00d6 Uyu\u015fmazl\u0131k \u00c7\u00f6z\u00fcm Mekanizmas\u0131na Ba\u015fvurdu konulu yaz\u0131y\u0131 incelemek i\u00e7in sitemizi ziyaret edin.","breadcrumb":{"@id":"https:\/\/ista.org.tr\/blog\/haberler\/turkiye-abd-hakkinda-dto-uyusmazlik-cozum-mekanizmasina-basvurdu\/#breadcrumb"},"inLanguage":"en-US","potentialAction":[{"@type":"ReadAction","target":["https:\/\/ista.org.tr\/blog\/haberler\/turkiye-abd-hakkinda-dto-uyusmazlik-cozum-mekanizmasina-basvurdu\/"]}]},{"@type":"BreadcrumbList","@id":"https:\/\/ista.org.tr\/blog\/haberler\/turkiye-abd-hakkinda-dto-uyusmazlik-cozum-mekanizmasina-basvurdu\/#breadcrumb","itemListElement":[{"@type":"ListItem","position":1,"name":"Ana sayfa","item":"https:\/\/ista.org.tr\/"},{"@type":"ListItem","position":2,"name":"T\u00fcrkiye, ABD Hakk\u0131nda DT\u00d6 Uyu\u015fmazl\u0131k \u00c7\u00f6z\u00fcm Mekanizmas\u0131na Ba\u015fvurdu"}]},{"@type":"WebSite","@id":"https:\/\/ista.org.tr\/#website","url":"https:\/\/ista.org.tr\/","name":"\u0130STA","description":"\u0130stanbul Tahkim Derne\u011fi","publisher":{"@id":"https:\/\/ista.org.tr\/#organization"},"potentialAction":[{"@type":"SearchAction","target":{"@type":"EntryPoint","urlTemplate":"https:\/\/ista.org.tr\/?s={search_term_string}"},"query-input":"required name=search_term_string"}],"inLanguage":"en-US"},{"@type":"Organization","@id":"https:\/\/ista.org.tr\/#organization","name":"\u0130stanbul Tahkim Derne\u011fi","url":"https:\/\/ista.org.tr\/","logo":{"@type":"ImageObject","inLanguage":"en-US","@id":"https:\/\/ista.org.tr\/#\/schema\/logo\/image\/","url":"https:\/\/ista.org.tr\/wp-content\/uploads\/2019\/12\/ista-logo.png","contentUrl":"https:\/\/ista.org.tr\/wp-content\/uploads\/2019\/12\/ista-logo.png","width":400,"height":400,"caption":"\u0130stanbul Tahkim Derne\u011fi"},"image":{"@id":"https:\/\/ista.org.tr\/#\/schema\/logo\/image\/"},"sameAs":["https:\/\/www.youtube.com\/channel\/UCZeVp4QaClBT9w13rtPk44Q\/videos","https:\/\/www.facebook.com\/istatahkim\/","https:\/\/twitter.com\/ISTAtahkim"]},{"@type":"Person","@id":"https:\/\/ista.org.tr\/#\/schema\/person\/f46bf0e6c7fa248b7fbfb5276ea6e634","name":"Eyl\u00fcl G\u00f6rm\u00fc\u015f","image":{"@type":"ImageObject","inLanguage":"en-US","@id":"https:\/\/ista.org.tr\/#\/schema\/person\/image\/","url":"https:\/\/secure.gravatar.com\/avatar\/df97169739e0f4433bb404f0975f5761?s=96&d=mm&r=g","contentUrl":"https:\/\/secure.gravatar.com\/avatar\/df97169739e0f4433bb404f0975f5761?s=96&d=mm&r=g","caption":"Eyl\u00fcl G\u00f6rm\u00fc\u015f"},"sameAs":["https:\/\/yakinda.org"]}]}},"_links":{"self":[{"href":"https:\/\/ista.org.tr\/en\/wp-json\/wp\/v2\/posts\/678"}],"collection":[{"href":"https:\/\/ista.org.tr\/en\/wp-json\/wp\/v2\/posts"}],"about":[{"href":"https:\/\/ista.org.tr\/en\/wp-json\/wp\/v2\/types\/post"}],"author":[{"embeddable":true,"href":"https:\/\/ista.org.tr\/en\/wp-json\/wp\/v2\/users\/1"}],"replies":[{"embeddable":true,"href":"https:\/\/ista.org.tr\/en\/wp-json\/wp\/v2\/comments?post=678"}],"version-history":[{"count":2,"href":"https:\/\/ista.org.tr\/en\/wp-json\/wp\/v2\/posts\/678\/revisions"}],"predecessor-version":[{"id":681,"href":"https:\/\/ista.org.tr\/en\/wp-json\/wp\/v2\/posts\/678\/revisions\/681"}],"wp:featuredmedia":[{"embeddable":true,"href":"https:\/\/ista.org.tr\/en\/wp-json\/wp\/v2\/media\/680"}],"wp:attachment":[{"href":"https:\/\/ista.org.tr\/en\/wp-json\/wp\/v2\/media?parent=678"}],"wp:term":[{"taxonomy":"category","embeddable":true,"href":"https:\/\/ista.org.tr\/en\/wp-json\/wp\/v2\/categories?post=678"},{"taxonomy":"post_tag","embeddable":true,"href":"https:\/\/ista.org.tr\/en\/wp-json\/wp\/v2\/tags?post=678"}],"curies":[{"name":"wp","href":"https:\/\/api.w.org\/{rel}","templated":true}]}}