{"id":706,"date":"2017-12-05T23:37:37","date_gmt":"2017-12-05T20:37:37","guid":{"rendered":"http:\/\/ista.org.tr\/haberler\/ista-tanitim-toplantisi-genis-bir-katilimla-yapildi-copy\/"},"modified":"2020-06-01T00:06:41","modified_gmt":"2020-05-31T21:06:41","slug":"istac-ankara-barosunda-tahkim-irtibat-burosu-aciyor","status":"publish","type":"post","link":"https:\/\/ista.org.tr\/en\/blog\/haberler\/istac-ankara-barosunda-tahkim-irtibat-burosu-aciyor\/","title":{"rendered":"ISTAC Ankara Barosu&#8217;nda Tahkim \u0130rtibat B\u00fcrosu A\u00e7\u0131yor"},"content":{"rendered":"<p><b>\u0130stanbul Tahkim Merkezi (ISTAC), Ankara Barosu b\u00fcnyesinde a\u00e7\u0131lacak irtibat b\u00fcrosu ile etkinli\u011fini Ba\u015fkent\u2019e ta\u015f\u0131yor. Tahkim davalar\u0131 i\u00e7in yap\u0131lacak ba\u015fvurular, ISTAC Ankara \u0130rtibat B\u00fcrosu \u00fczerinden ger\u00e7ekle\u015ftirilebilecek.<\/b><\/p>\n<div>\n<p>Ankara Barosu ile \u0130stanbul Tahkim Merkezi aras\u0131nda, Baro merkezinde i\u015fbirli\u011fi protokol\u00fc imzaland\u0131. Protokole ISTAC ad\u0131na Y\u00f6netim Kurulu Ba\u015fkan\u0131 Prof. Dr. Ziya Ak\u0131nc\u0131 ve Ankara Barosu ad\u0131na Ba\u015fkan Hakan Canduran imza koydu. \u0130mza seremonisine \u0130stanbul Tahkim Merkezi Y\u00f6netim Kurulu \u00fcyeleri Hakan \u00d6ztatar ve Rifat Bacanl\u0131 da kat\u0131ld\u0131.<\/p>\n<p>Prof. Dr. Ziya Ak\u0131nc\u0131, Ankara Barosu ile ger\u00e7ekle\u015ftirdikleri bu i\u015fbirli\u011fini, uyu\u015fmazl\u0131k \u00e7\u00f6z\u00fcm adresi olarak ISTAC tahkimine ula\u015fmay\u0131 kolayla\u015ft\u0131ran \u00f6nemli bir ad\u0131m olarak nitelendirdi. Ak\u0131nc\u0131,\u201d\u0130stanbul Tahkim Merkezi art\u0131k avukatlar\u0131n da merkezi haline geldi. Avukatlar\u0131n tahkimi giderek daha fazla benimsemelerini, mesleklerinin \u00f6nemli bir par\u00e7as\u0131 olarak g\u00f6rmelerini \u00e7ok \u00f6nemsiyoruz. \u00c7\u00fcnk\u00fc T\u00fcrkiye\u2019de tahkimin, avukatlar\u0131n da deste\u011fi ve i\u015fbirli\u011fiyle yayg\u0131nla\u015faca\u011f\u0131na inan\u0131yoruz\u201d dedi. Ankara Barosu\u2019nda a\u00e7\u0131lacak ISTAC \u0130rtibat B\u00fcrosu\u2019nu da bu y\u00f6nde at\u0131lm\u0131\u015f \u00f6nemli bir ad\u0131m olarak yorumlad\u0131.<\/p>\n<p>Ankara Barosu Ba\u015fkan\u0131 Hakan Canduran ise, tahkimin ticari uyu\u015fmazl\u0131klarda mahkemelere oranla daha h\u0131zl\u0131 ve daha d\u00fc\u015f\u00fck maliyetli bir \u00e7\u00f6z\u00fcm y\u00f6ntemi oldu\u011funu vurgulad\u0131. Canduran, \u201cISTAC ile imzalad\u0131\u011f\u0131m\u0131z protokol uyar\u0131nca olu\u015fturaca\u011f\u0131m\u0131z irtibat b\u00fcrosu, vatanda\u015flar\u0131m\u0131z\u0131n ve \u00fclkemizde ticari uyu\u015fmazl\u0131k ya\u015fayan yabanc\u0131lar\u0131n tahkime ula\u015fmas\u0131n\u0131 kolayla\u015ft\u0131racak; yarg\u0131 sorunlar\u0131n\u0131 \u00e7ok daha k\u0131sa s\u00fcrede ve \u00e7ok daha az bir maliyetle \u00e7\u00f6zmelerini sa\u011flayacak\u201d dedi.<\/p>\n<p>Protokol uyar\u0131nca Ankara Barosu b\u00fcnyesinde kurulacak ISTAC Ankara \u0130rtibat B\u00fcrosu bir ay i\u00e7erisinde faaliyete ge\u00e7ecek. ISTAC\u2019a yap\u0131lacak ba\u015fvurular bu b\u00fcro \u00fczerinden ger\u00e7ekle\u015ftirilebilecek. Ayr\u0131ca, Ankara Barosu gerek duru\u015fmalar gerek sekreterya hizmetleri i\u00e7in \u0130stanbul Tahkim Merkezi\u2019ne eleman ve yer tahsis edecek. Dolay\u0131s\u0131yla taraflar\u0131n tercihine g\u00f6re, gerekti\u011finde tahkim duru\u015fmalar\u0131 Ankara Barosu\u2019nun ev sahipli\u011finde yap\u0131labilecek. ISTAC ve Ankara Barosu, tahkimin yayg\u0131nla\u015ft\u0131r\u0131lmas\u0131 ve avukatlar\u0131n tahkim konusunda bilgilendirilmesi amac\u0131yla i\u015fbirli\u011fi yapmay\u0131 da planl\u0131yor. Her iki kurum, s\u00f6zle\u015fmelere tahkim anla\u015fmas\u0131n\u0131n yaz\u0131lmas\u0131 i\u00e7in avukatlara y\u00f6nelik seminerler d\u00fczenleyecek.<\/p>\n<p>ISTAC Ankara \u0130rtibat B\u00fcrosu, ISTAC Tahkim Kurallar\u0131\u2019na g\u00f6re yap\u0131lan ba\u015fvurularda dava dilek\u00e7esi ve eklerini kabul edecek; bu belgelerin dijital kopyas\u0131n\u0131 elektronik ortamda ayn\u0131 g\u00fcn, as\u0131llar\u0131n\u0131 da en ge\u00e7 bir i\u015f g\u00fcn\u00fc i\u00e7erisinde kurye ile ISTAC Genel Sekreterli\u011fi\u2019ne g\u00f6nderecek. \u0130rtibat B\u00fcrosu, tahkim alan\u0131nda faaliyet g\u00f6steren avukatlar\u0131n da \u0130stanbul Tahkim Merkezi ile ileti\u015fimini kolayla\u015ft\u0131racak.<\/p><\/div>\n","protected":false},"excerpt":{"rendered":"<p>\u0130stanbul Tahkim Merkezi (ISTAC), Ankara Barosu b\u00fcnyesinde a\u00e7\u0131lacak irtibat b\u00fcrosu ile etkinli\u011fini Ba\u015fkent\u2019e ta\u015f\u0131yor. Tahkim&#8230;<\/p>\n","protected":false},"author":1,"featured_media":708,"comment_status":"open","ping_status":"open","sticky":false,"template":"","format":"standard","meta":{"_mi_skip_tracking":false},"categories":[4,10],"tags":[48,49,55,66],"yoast_head":"<!-- This site is optimized with the Yoast SEO plugin v19.14 - https:\/\/yoast.com\/wordpress\/plugins\/seo\/ -->\n<title>ISTAC Ankara Barosu&#039;nda Tahkim \u0130rtibat B\u00fcrosu A\u00e7\u0131yor | \u0130STA<\/title>\n<meta name=\"description\" content=\"\u0130STA taraf\u0131ndan yay\u0131nlanan ISTAC Ankara Barosu&#039;nda Tahkim \u0130rtibat B\u00fcrosu A\u00e7\u0131yor konulu yaz\u0131y\u0131 incelemek i\u00e7in sitemizi ziyaret edin.\" \/>\n<meta name=\"robots\" content=\"index, follow, max-snippet:-1, max-image-preview:large, max-video-preview:-1\" \/>\n<link rel=\"canonical\" href=\"https:\/\/ista.org.tr\/blog\/haberler\/istac-ankara-barosunda-tahkim-irtibat-burosu-aciyor\/\" \/>\n<meta property=\"og:locale\" content=\"en_US\" \/>\n<meta property=\"og:type\" content=\"article\" \/>\n<meta property=\"og:title\" content=\"ISTAC Ankara Barosu&#039;nda Tahkim \u0130rtibat B\u00fcrosu A\u00e7\u0131yor | \u0130STA\" \/>\n<meta property=\"og:description\" content=\"\u0130STA taraf\u0131ndan yay\u0131nlanan ISTAC Ankara Barosu&#039;nda Tahkim \u0130rtibat B\u00fcrosu A\u00e7\u0131yor konulu yaz\u0131y\u0131 incelemek i\u00e7in sitemizi ziyaret edin.\" \/>\n<meta property=\"og:url\" content=\"https:\/\/ista.org.tr\/blog\/haberler\/istac-ankara-barosunda-tahkim-irtibat-burosu-aciyor\/\" \/>\n<meta property=\"og:site_name\" content=\"\u0130STA\" \/>\n<meta property=\"article:publisher\" content=\"https:\/\/www.facebook.com\/istatahkim\/\" \/>\n<meta property=\"article:published_time\" content=\"2017-12-05T20:37:37+00:00\" \/>\n<meta property=\"article:modified_time\" content=\"2020-05-31T21:06:41+00:00\" \/>\n<meta property=\"og:image\" content=\"https:\/\/ista.org.tr\/wp-content\/uploads\/2020\/05\/istac-ankara-barosunda-tahkim-irtibat-burosu-aciyor.jpg\" \/>\n\t<meta property=\"og:image:width\" content=\"800\" \/>\n\t<meta property=\"og:image:height\" content=\"533\" \/>\n\t<meta property=\"og:image:type\" content=\"image\/jpeg\" \/>\n<meta name=\"author\" content=\"Eyl\u00fcl G\u00f6rm\u00fc\u015f\" \/>\n<meta name=\"twitter:card\" content=\"summary_large_image\" \/>\n<meta name=\"twitter:creator\" content=\"@ISTAtahkim\" \/>\n<meta name=\"twitter:site\" content=\"@ISTAtahkim\" \/>\n<meta name=\"twitter:label1\" content=\"Written by\" \/>\n\t<meta name=\"twitter:data1\" content=\"Eyl\u00fcl G\u00f6rm\u00fc\u015f\" \/>\n\t<meta name=\"twitter:label2\" content=\"Est. reading time\" \/>\n\t<meta name=\"twitter:data2\" content=\"2 minutes\" \/>\n<script type=\"application\/ld+json\" class=\"yoast-schema-graph\">{\"@context\":\"https:\/\/schema.org\",\"@graph\":[{\"@type\":\"Article\",\"@id\":\"https:\/\/ista.org.tr\/blog\/haberler\/istac-ankara-barosunda-tahkim-irtibat-burosu-aciyor\/#article\",\"isPartOf\":{\"@id\":\"https:\/\/ista.org.tr\/blog\/haberler\/istac-ankara-barosunda-tahkim-irtibat-burosu-aciyor\/\"},\"author\":{\"name\":\"Eyl\u00fcl G\u00f6rm\u00fc\u015f\",\"@id\":\"https:\/\/ista.org.tr\/#\/schema\/person\/f46bf0e6c7fa248b7fbfb5276ea6e634\"},\"headline\":\"ISTAC Ankara Barosu&#8217;nda Tahkim \u0130rtibat B\u00fcrosu A\u00e7\u0131yor\",\"datePublished\":\"2017-12-05T20:37:37+00:00\",\"dateModified\":\"2020-05-31T21:06:41+00:00\",\"mainEntityOfPage\":{\"@id\":\"https:\/\/ista.org.tr\/blog\/haberler\/istac-ankara-barosunda-tahkim-irtibat-burosu-aciyor\/\"},\"wordCount\":495,\"commentCount\":0,\"publisher\":{\"@id\":\"https:\/\/ista.org.tr\/#organization\"},\"keywords\":[\"ankara\",\"ankara barosu\",\"ISTAC\",\"Ziya Ak\u0131nc\u0131\"],\"articleSection\":[\"Haberler\",\"\u0130stanbul Tahkim Merkezi\"],\"inLanguage\":\"en-US\",\"potentialAction\":[{\"@type\":\"CommentAction\",\"name\":\"Comment\",\"target\":[\"https:\/\/ista.org.tr\/blog\/haberler\/istac-ankara-barosunda-tahkim-irtibat-burosu-aciyor\/#respond\"]}]},{\"@type\":\"WebPage\",\"@id\":\"https:\/\/ista.org.tr\/blog\/haberler\/istac-ankara-barosunda-tahkim-irtibat-burosu-aciyor\/\",\"url\":\"https:\/\/ista.org.tr\/blog\/haberler\/istac-ankara-barosunda-tahkim-irtibat-burosu-aciyor\/\",\"name\":\"ISTAC Ankara Barosu'nda Tahkim \u0130rtibat B\u00fcrosu A\u00e7\u0131yor | \u0130STA\",\"isPartOf\":{\"@id\":\"https:\/\/ista.org.tr\/#website\"},\"datePublished\":\"2017-12-05T20:37:37+00:00\",\"dateModified\":\"2020-05-31T21:06:41+00:00\",\"description\":\"\u0130STA taraf\u0131ndan yay\u0131nlanan ISTAC Ankara Barosu'nda Tahkim \u0130rtibat B\u00fcrosu A\u00e7\u0131yor konulu yaz\u0131y\u0131 incelemek i\u00e7in sitemizi ziyaret edin.\",\"breadcrumb\":{\"@id\":\"https:\/\/ista.org.tr\/blog\/haberler\/istac-ankara-barosunda-tahkim-irtibat-burosu-aciyor\/#breadcrumb\"},\"inLanguage\":\"en-US\",\"potentialAction\":[{\"@type\":\"ReadAction\",\"target\":[\"https:\/\/ista.org.tr\/blog\/haberler\/istac-ankara-barosunda-tahkim-irtibat-burosu-aciyor\/\"]}]},{\"@type\":\"BreadcrumbList\",\"@id\":\"https:\/\/ista.org.tr\/blog\/haberler\/istac-ankara-barosunda-tahkim-irtibat-burosu-aciyor\/#breadcrumb\",\"itemListElement\":[{\"@type\":\"ListItem\",\"position\":1,\"name\":\"Ana sayfa\",\"item\":\"https:\/\/ista.org.tr\/\"},{\"@type\":\"ListItem\",\"position\":2,\"name\":\"ISTAC Ankara Barosu&#8217;nda Tahkim \u0130rtibat B\u00fcrosu A\u00e7\u0131yor\"}]},{\"@type\":\"WebSite\",\"@id\":\"https:\/\/ista.org.tr\/#website\",\"url\":\"https:\/\/ista.org.tr\/\",\"name\":\"\u0130STA\",\"description\":\"\u0130stanbul Tahkim Derne\u011fi\",\"publisher\":{\"@id\":\"https:\/\/ista.org.tr\/#organization\"},\"potentialAction\":[{\"@type\":\"SearchAction\",\"target\":{\"@type\":\"EntryPoint\",\"urlTemplate\":\"https:\/\/ista.org.tr\/?s={search_term_string}\"},\"query-input\":\"required name=search_term_string\"}],\"inLanguage\":\"en-US\"},{\"@type\":\"Organization\",\"@id\":\"https:\/\/ista.org.tr\/#organization\",\"name\":\"\u0130stanbul Tahkim Derne\u011fi\",\"url\":\"https:\/\/ista.org.tr\/\",\"logo\":{\"@type\":\"ImageObject\",\"inLanguage\":\"en-US\",\"@id\":\"https:\/\/ista.org.tr\/#\/schema\/logo\/image\/\",\"url\":\"https:\/\/ista.org.tr\/wp-content\/uploads\/2019\/12\/ista-logo.png\",\"contentUrl\":\"https:\/\/ista.org.tr\/wp-content\/uploads\/2019\/12\/ista-logo.png\",\"width\":400,\"height\":400,\"caption\":\"\u0130stanbul Tahkim Derne\u011fi\"},\"image\":{\"@id\":\"https:\/\/ista.org.tr\/#\/schema\/logo\/image\/\"},\"sameAs\":[\"https:\/\/www.youtube.com\/channel\/UCZeVp4QaClBT9w13rtPk44Q\/videos\",\"https:\/\/www.facebook.com\/istatahkim\/\",\"https:\/\/twitter.com\/ISTAtahkim\"]},{\"@type\":\"Person\",\"@id\":\"https:\/\/ista.org.tr\/#\/schema\/person\/f46bf0e6c7fa248b7fbfb5276ea6e634\",\"name\":\"Eyl\u00fcl G\u00f6rm\u00fc\u015f\",\"image\":{\"@type\":\"ImageObject\",\"inLanguage\":\"en-US\",\"@id\":\"https:\/\/ista.org.tr\/#\/schema\/person\/image\/\",\"url\":\"https:\/\/secure.gravatar.com\/avatar\/df97169739e0f4433bb404f0975f5761?s=96&d=mm&r=g\",\"contentUrl\":\"https:\/\/secure.gravatar.com\/avatar\/df97169739e0f4433bb404f0975f5761?s=96&d=mm&r=g\",\"caption\":\"Eyl\u00fcl G\u00f6rm\u00fc\u015f\"},\"sameAs\":[\"https:\/\/yakinda.org\"]}]}<\/script>\n<!-- \/ Yoast SEO plugin. -->","yoast_head_json":{"title":"ISTAC Ankara Barosu'nda Tahkim \u0130rtibat B\u00fcrosu A\u00e7\u0131yor | \u0130STA","description":"\u0130STA taraf\u0131ndan yay\u0131nlanan ISTAC Ankara Barosu'nda Tahkim \u0130rtibat B\u00fcrosu A\u00e7\u0131yor konulu yaz\u0131y\u0131 incelemek i\u00e7in sitemizi ziyaret edin.","robots":{"index":"index","follow":"follow","max-snippet":"max-snippet:-1","max-image-preview":"max-image-preview:large","max-video-preview":"max-video-preview:-1"},"canonical":"https:\/\/ista.org.tr\/blog\/haberler\/istac-ankara-barosunda-tahkim-irtibat-burosu-aciyor\/","og_locale":"en_US","og_type":"article","og_title":"ISTAC Ankara Barosu'nda Tahkim \u0130rtibat B\u00fcrosu A\u00e7\u0131yor | \u0130STA","og_description":"\u0130STA taraf\u0131ndan yay\u0131nlanan ISTAC Ankara Barosu'nda Tahkim \u0130rtibat B\u00fcrosu A\u00e7\u0131yor konulu yaz\u0131y\u0131 incelemek i\u00e7in sitemizi ziyaret edin.","og_url":"https:\/\/ista.org.tr\/blog\/haberler\/istac-ankara-barosunda-tahkim-irtibat-burosu-aciyor\/","og_site_name":"\u0130STA","article_publisher":"https:\/\/www.facebook.com\/istatahkim\/","article_published_time":"2017-12-05T20:37:37+00:00","article_modified_time":"2020-05-31T21:06:41+00:00","og_image":[{"width":800,"height":533,"url":"https:\/\/ista.org.tr\/wp-content\/uploads\/2020\/05\/istac-ankara-barosunda-tahkim-irtibat-burosu-aciyor.jpg","type":"image\/jpeg"}],"author":"Eyl\u00fcl G\u00f6rm\u00fc\u015f","twitter_card":"summary_large_image","twitter_creator":"@ISTAtahkim","twitter_site":"@ISTAtahkim","twitter_misc":{"Written by":"Eyl\u00fcl G\u00f6rm\u00fc\u015f","Est. reading time":"2 minutes"},"schema":{"@context":"https:\/\/schema.org","@graph":[{"@type":"Article","@id":"https:\/\/ista.org.tr\/blog\/haberler\/istac-ankara-barosunda-tahkim-irtibat-burosu-aciyor\/#article","isPartOf":{"@id":"https:\/\/ista.org.tr\/blog\/haberler\/istac-ankara-barosunda-tahkim-irtibat-burosu-aciyor\/"},"author":{"name":"Eyl\u00fcl G\u00f6rm\u00fc\u015f","@id":"https:\/\/ista.org.tr\/#\/schema\/person\/f46bf0e6c7fa248b7fbfb5276ea6e634"},"headline":"ISTAC Ankara Barosu&#8217;nda Tahkim \u0130rtibat B\u00fcrosu A\u00e7\u0131yor","datePublished":"2017-12-05T20:37:37+00:00","dateModified":"2020-05-31T21:06:41+00:00","mainEntityOfPage":{"@id":"https:\/\/ista.org.tr\/blog\/haberler\/istac-ankara-barosunda-tahkim-irtibat-burosu-aciyor\/"},"wordCount":495,"commentCount":0,"publisher":{"@id":"https:\/\/ista.org.tr\/#organization"},"keywords":["ankara","ankara barosu","ISTAC","Ziya Ak\u0131nc\u0131"],"articleSection":["Haberler","\u0130stanbul Tahkim Merkezi"],"inLanguage":"en-US","potentialAction":[{"@type":"CommentAction","name":"Comment","target":["https:\/\/ista.org.tr\/blog\/haberler\/istac-ankara-barosunda-tahkim-irtibat-burosu-aciyor\/#respond"]}]},{"@type":"WebPage","@id":"https:\/\/ista.org.tr\/blog\/haberler\/istac-ankara-barosunda-tahkim-irtibat-burosu-aciyor\/","url":"https:\/\/ista.org.tr\/blog\/haberler\/istac-ankara-barosunda-tahkim-irtibat-burosu-aciyor\/","name":"ISTAC Ankara Barosu'nda Tahkim \u0130rtibat B\u00fcrosu A\u00e7\u0131yor | \u0130STA","isPartOf":{"@id":"https:\/\/ista.org.tr\/#website"},"datePublished":"2017-12-05T20:37:37+00:00","dateModified":"2020-05-31T21:06:41+00:00","description":"\u0130STA taraf\u0131ndan yay\u0131nlanan ISTAC Ankara Barosu'nda Tahkim \u0130rtibat B\u00fcrosu A\u00e7\u0131yor konulu yaz\u0131y\u0131 incelemek i\u00e7in sitemizi ziyaret edin.","breadcrumb":{"@id":"https:\/\/ista.org.tr\/blog\/haberler\/istac-ankara-barosunda-tahkim-irtibat-burosu-aciyor\/#breadcrumb"},"inLanguage":"en-US","potentialAction":[{"@type":"ReadAction","target":["https:\/\/ista.org.tr\/blog\/haberler\/istac-ankara-barosunda-tahkim-irtibat-burosu-aciyor\/"]}]},{"@type":"BreadcrumbList","@id":"https:\/\/ista.org.tr\/blog\/haberler\/istac-ankara-barosunda-tahkim-irtibat-burosu-aciyor\/#breadcrumb","itemListElement":[{"@type":"ListItem","position":1,"name":"Ana sayfa","item":"https:\/\/ista.org.tr\/"},{"@type":"ListItem","position":2,"name":"ISTAC Ankara Barosu&#8217;nda Tahkim \u0130rtibat B\u00fcrosu A\u00e7\u0131yor"}]},{"@type":"WebSite","@id":"https:\/\/ista.org.tr\/#website","url":"https:\/\/ista.org.tr\/","name":"\u0130STA","description":"\u0130stanbul Tahkim Derne\u011fi","publisher":{"@id":"https:\/\/ista.org.tr\/#organization"},"potentialAction":[{"@type":"SearchAction","target":{"@type":"EntryPoint","urlTemplate":"https:\/\/ista.org.tr\/?s={search_term_string}"},"query-input":"required name=search_term_string"}],"inLanguage":"en-US"},{"@type":"Organization","@id":"https:\/\/ista.org.tr\/#organization","name":"\u0130stanbul Tahkim Derne\u011fi","url":"https:\/\/ista.org.tr\/","logo":{"@type":"ImageObject","inLanguage":"en-US","@id":"https:\/\/ista.org.tr\/#\/schema\/logo\/image\/","url":"https:\/\/ista.org.tr\/wp-content\/uploads\/2019\/12\/ista-logo.png","contentUrl":"https:\/\/ista.org.tr\/wp-content\/uploads\/2019\/12\/ista-logo.png","width":400,"height":400,"caption":"\u0130stanbul Tahkim Derne\u011fi"},"image":{"@id":"https:\/\/ista.org.tr\/#\/schema\/logo\/image\/"},"sameAs":["https:\/\/www.youtube.com\/channel\/UCZeVp4QaClBT9w13rtPk44Q\/videos","https:\/\/www.facebook.com\/istatahkim\/","https:\/\/twitter.com\/ISTAtahkim"]},{"@type":"Person","@id":"https:\/\/ista.org.tr\/#\/schema\/person\/f46bf0e6c7fa248b7fbfb5276ea6e634","name":"Eyl\u00fcl G\u00f6rm\u00fc\u015f","image":{"@type":"ImageObject","inLanguage":"en-US","@id":"https:\/\/ista.org.tr\/#\/schema\/person\/image\/","url":"https:\/\/secure.gravatar.com\/avatar\/df97169739e0f4433bb404f0975f5761?s=96&d=mm&r=g","contentUrl":"https:\/\/secure.gravatar.com\/avatar\/df97169739e0f4433bb404f0975f5761?s=96&d=mm&r=g","caption":"Eyl\u00fcl G\u00f6rm\u00fc\u015f"},"sameAs":["https:\/\/yakinda.org"]}]}},"_links":{"self":[{"href":"https:\/\/ista.org.tr\/en\/wp-json\/wp\/v2\/posts\/706"}],"collection":[{"href":"https:\/\/ista.org.tr\/en\/wp-json\/wp\/v2\/posts"}],"about":[{"href":"https:\/\/ista.org.tr\/en\/wp-json\/wp\/v2\/types\/post"}],"author":[{"embeddable":true,"href":"https:\/\/ista.org.tr\/en\/wp-json\/wp\/v2\/users\/1"}],"replies":[{"embeddable":true,"href":"https:\/\/ista.org.tr\/en\/wp-json\/wp\/v2\/comments?post=706"}],"version-history":[{"count":2,"href":"https:\/\/ista.org.tr\/en\/wp-json\/wp\/v2\/posts\/706\/revisions"}],"predecessor-version":[{"id":709,"href":"https:\/\/ista.org.tr\/en\/wp-json\/wp\/v2\/posts\/706\/revisions\/709"}],"wp:featuredmedia":[{"embeddable":true,"href":"https:\/\/ista.org.tr\/en\/wp-json\/wp\/v2\/media\/708"}],"wp:attachment":[{"href":"https:\/\/ista.org.tr\/en\/wp-json\/wp\/v2\/media?parent=706"}],"wp:term":[{"taxonomy":"category","embeddable":true,"href":"https:\/\/ista.org.tr\/en\/wp-json\/wp\/v2\/categories?post=706"},{"taxonomy":"post_tag","embeddable":true,"href":"https:\/\/ista.org.tr\/en\/wp-json\/wp\/v2\/tags?post=706"}],"curies":[{"name":"wp","href":"https:\/\/api.w.org\/{rel}","templated":true}]}}