{"id":718,"date":"2018-02-12T16:40:14","date_gmt":"2018-02-12T13:40:14","guid":{"rendered":"http:\/\/ista.org.tr\/haberler\/kamu-ihalelerinde-tahkim-yolu-acildi-copy\/"},"modified":"2020-06-01T16:44:07","modified_gmt":"2020-06-01T13:44:07","slug":"vahap-munyar-istanbul-dunyanin-adalet-merkezi-listesine-girer-mi","status":"publish","type":"post","link":"https:\/\/ista.org.tr\/en\/blog\/haberler\/vahap-munyar-istanbul-dunyanin-adalet-merkezi-listesine-girer-mi\/","title":{"rendered":"Vahap Munyar: \u0130stanbul, d\u00fcnyan\u0131n \u2018adalet merkezi\u2019 listesine girer mi"},"content":{"rendered":"<p><b>H\u00fcrriyet Gazetesi yazar\u0131 Vahap Munyar, &#8220;\u0130stanbul, d\u00fcnyan\u0131n \u2018adalet merkezi\u2019 listesine girer mi&#8221; sorusunu k\u00f6\u015fesine ta\u015f\u0131d\u0131. Vahap Munyar T\u00fcrkiye \u0130hracat\u00e7\u0131lar Meclisi (T\u0130M) ve \u0130stanbul Tahkim Merkezi (ISTAC) bulu\u015fmas\u0131nda T\u0130M Ba\u015fkan\u0131 Mehmet B\u00fcy\u00fckek\u015fi&#8217;nin s\u00f6zlerine \u015f\u00f6yle yer verdi:<\/b><\/p>\n<p><i>&#8220;B\u00fcy\u00fckek\u015fi, y\u0131llar \u00f6nce yapt\u0131\u011f\u0131 \u201cticaret hakemli\u011fi\u201dni T\u0130M\u2019in T\u00fcrkiye Odalar ve Borsalar Birli\u011fi (TOBB) ile birlikte kurucusu oldu\u011fu \u0130stanbul Tahkim Merkezi (ISTAC) bulu\u015fmas\u0131nda anlatt\u0131. ISTAC Ba\u015fkan\u0131 Prof. Ziya Ak\u0131nc\u0131, ISTAC ve T\u0130M Ba\u015fkanvekili Mustafa \u00c7\u0131kr\u0131k\u00e7\u0131o\u011flu, ISTAC Y\u00f6netim Kurulu \u00dcyeleri M\u00fcjdat Ke\u00e7eci, R\u0131fat Bacanl\u0131, Genel Sekreter Candan Yasan Tepeta\u015f ve T\u0130M Ba\u015fkanvekili Tahsin \u00d6ztiryaki\u2019nin kat\u0131ld\u0131\u011f\u0131 toplant\u0131da, B\u00fcy\u00fckek\u015fi\u2019nin anlatt\u0131\u011f\u0131 \u00f6yk\u00fc \u00fczerine \u201ctahkim\u201dle \u201cmahkeme\u201dnin fark\u0131n\u0131 \u015f\u00f6yle ortaya koydu:<\/i><\/p>\n<p><i>&#8211; D\u00fcnyada \u201cduru\u015fma\u201d i\u00e7in \u0130ngilizce \u201chearing\u201d, yani \u201cdinlemek\u201d kelimesi kullan\u0131l\u0131r. Biz o kelimeyi nedense \u201cduru\u015fma\u201d diye \u00e7evirmi\u015fiz. Mahkemeler, \u201cDuru\u015fma\u201dn\u0131n k\u00f6keni \u201cDurmak\u201dtan etkilenmi\u015f\u00e7esine\u00a0uzad\u0131k\u00e7a uzuyor. \u0130ddia ve savunmalar yaz\u0131l\u0131 al\u0131n\u0131yor, zaman yetersiz diye taraflar\u0131n dinlenmesi belirli kal\u0131plara s\u0131k\u0131\u015f\u0131yor. Davalar\u0131n sonlanmas\u0131 y\u0131llar\u0131 alabiliyor.<\/i><\/p>\n<p>Yaz\u0131n\u0131n tamam\u0131n\u0131 H\u00fcrriyet Gazetesi web sitesinden okuyabilirsiniz:<\/p>\n<div><a href=\"http:\/\/www.hurriyet.com.tr\/yazarlar\/vahap-munyar\/istanbul-dunyanin-adalet-merkezi-listesine-girer-mi-40738763\" target=\"_blank\" rel=\"noopener noreferrer\">http:\/\/www.hurriyet.com.tr\/yazarlar\/vahap-munyar\/istanbul-dunyanin-adalet-merkezi-listesine-girer-mi-40738763<\/a><\/div>\n","protected":false},"excerpt":{"rendered":"<p>H\u00fcrriyet Gazetesi yazar\u0131 Vahap Munyar, &#8220;\u0130stanbul, d\u00fcnyan\u0131n \u2018adalet merkezi\u2019 listesine girer mi&#8221; sorusunu k\u00f6\u015fesine ta\u015f\u0131d\u0131&#8230;.<\/p>\n","protected":false},"author":1,"featured_media":719,"comment_status":"open","ping_status":"open","sticky":false,"template":"","format":"standard","meta":{"_mi_skip_tracking":false},"categories":[4,10],"tags":[72,55,37,71],"yoast_head":"<!-- This site is optimized with the Yoast SEO plugin v19.14 - https:\/\/yoast.com\/wordpress\/plugins\/seo\/ -->\n<title>Vahap Munyar: \u0130stanbul, d\u00fcnyan\u0131n \u2018adalet merkezi\u2019 listesine girer mi | \u0130STA<\/title>\n<meta name=\"description\" content=\"\u0130STA taraf\u0131ndan yay\u0131nlanan Vahap Munyar: \u0130stanbul, d\u00fcnyan\u0131n \u2018adalet merkezi\u2019 listesine girer mi konulu yaz\u0131y\u0131 incelemek i\u00e7in sitemizi ziyaret edin.\" \/>\n<meta name=\"robots\" content=\"index, follow, max-snippet:-1, max-image-preview:large, max-video-preview:-1\" \/>\n<link rel=\"canonical\" href=\"https:\/\/ista.org.tr\/blog\/haberler\/vahap-munyar-istanbul-dunyanin-adalet-merkezi-listesine-girer-mi\/\" \/>\n<meta property=\"og:locale\" content=\"en_US\" \/>\n<meta property=\"og:type\" content=\"article\" \/>\n<meta property=\"og:title\" content=\"Vahap Munyar: \u0130stanbul, d\u00fcnyan\u0131n \u2018adalet merkezi\u2019 listesine girer mi | \u0130STA\" \/>\n<meta property=\"og:description\" content=\"\u0130STA taraf\u0131ndan yay\u0131nlanan Vahap Munyar: \u0130stanbul, d\u00fcnyan\u0131n \u2018adalet merkezi\u2019 listesine girer mi konulu yaz\u0131y\u0131 incelemek i\u00e7in sitemizi ziyaret edin.\" \/>\n<meta property=\"og:url\" content=\"https:\/\/ista.org.tr\/blog\/haberler\/vahap-munyar-istanbul-dunyanin-adalet-merkezi-listesine-girer-mi\/\" \/>\n<meta property=\"og:site_name\" content=\"\u0130STA\" \/>\n<meta property=\"article:publisher\" content=\"https:\/\/www.facebook.com\/istatahkim\/\" \/>\n<meta property=\"article:published_time\" content=\"2018-02-12T13:40:14+00:00\" \/>\n<meta property=\"article:modified_time\" content=\"2020-06-01T13:44:07+00:00\" \/>\n<meta property=\"og:image\" content=\"https:\/\/ista.org.tr\/wp-content\/uploads\/2020\/06\/vahap-munyar-istanbul-dunyanin-adalet-merkezi-listesine-girer-mi.jpeg\" \/>\n\t<meta property=\"og:image:width\" content=\"800\" \/>\n\t<meta property=\"og:image:height\" content=\"534\" \/>\n\t<meta property=\"og:image:type\" content=\"image\/jpeg\" \/>\n<meta name=\"author\" content=\"Eyl\u00fcl G\u00f6rm\u00fc\u015f\" \/>\n<meta name=\"twitter:card\" content=\"summary_large_image\" \/>\n<meta name=\"twitter:creator\" content=\"@ISTAtahkim\" \/>\n<meta name=\"twitter:site\" content=\"@ISTAtahkim\" \/>\n<meta name=\"twitter:label1\" content=\"Written by\" \/>\n\t<meta name=\"twitter:data1\" content=\"Eyl\u00fcl G\u00f6rm\u00fc\u015f\" \/>\n\t<meta name=\"twitter:label2\" content=\"Est. reading time\" \/>\n\t<meta name=\"twitter:data2\" content=\"1 minute\" \/>\n<script type=\"application\/ld+json\" class=\"yoast-schema-graph\">{\"@context\":\"https:\/\/schema.org\",\"@graph\":[{\"@type\":\"Article\",\"@id\":\"https:\/\/ista.org.tr\/blog\/haberler\/vahap-munyar-istanbul-dunyanin-adalet-merkezi-listesine-girer-mi\/#article\",\"isPartOf\":{\"@id\":\"https:\/\/ista.org.tr\/blog\/haberler\/vahap-munyar-istanbul-dunyanin-adalet-merkezi-listesine-girer-mi\/\"},\"author\":{\"name\":\"Eyl\u00fcl G\u00f6rm\u00fc\u015f\",\"@id\":\"https:\/\/ista.org.tr\/#\/schema\/person\/f46bf0e6c7fa248b7fbfb5276ea6e634\"},\"headline\":\"Vahap Munyar: \u0130stanbul, d\u00fcnyan\u0131n \u2018adalet merkezi\u2019 listesine girer mi\",\"datePublished\":\"2018-02-12T13:40:14+00:00\",\"dateModified\":\"2020-06-01T13:44:07+00:00\",\"mainEntityOfPage\":{\"@id\":\"https:\/\/ista.org.tr\/blog\/haberler\/vahap-munyar-istanbul-dunyanin-adalet-merkezi-listesine-girer-mi\/\"},\"wordCount\":246,\"commentCount\":0,\"publisher\":{\"@id\":\"https:\/\/ista.org.tr\/#organization\"},\"keywords\":[\"\u0130hracat\",\"ISTAC\",\"Sekt\u00f6rel Tahkim\",\"T\u0130M\"],\"articleSection\":[\"Haberler\",\"\u0130stanbul Tahkim Merkezi\"],\"inLanguage\":\"en-US\",\"potentialAction\":[{\"@type\":\"CommentAction\",\"name\":\"Comment\",\"target\":[\"https:\/\/ista.org.tr\/blog\/haberler\/vahap-munyar-istanbul-dunyanin-adalet-merkezi-listesine-girer-mi\/#respond\"]}]},{\"@type\":\"WebPage\",\"@id\":\"https:\/\/ista.org.tr\/blog\/haberler\/vahap-munyar-istanbul-dunyanin-adalet-merkezi-listesine-girer-mi\/\",\"url\":\"https:\/\/ista.org.tr\/blog\/haberler\/vahap-munyar-istanbul-dunyanin-adalet-merkezi-listesine-girer-mi\/\",\"name\":\"Vahap Munyar: \u0130stanbul, d\u00fcnyan\u0131n \u2018adalet merkezi\u2019 listesine girer mi | \u0130STA\",\"isPartOf\":{\"@id\":\"https:\/\/ista.org.tr\/#website\"},\"datePublished\":\"2018-02-12T13:40:14+00:00\",\"dateModified\":\"2020-06-01T13:44:07+00:00\",\"description\":\"\u0130STA taraf\u0131ndan yay\u0131nlanan Vahap Munyar: \u0130stanbul, d\u00fcnyan\u0131n \u2018adalet merkezi\u2019 listesine girer mi konulu yaz\u0131y\u0131 incelemek i\u00e7in sitemizi ziyaret edin.\",\"breadcrumb\":{\"@id\":\"https:\/\/ista.org.tr\/blog\/haberler\/vahap-munyar-istanbul-dunyanin-adalet-merkezi-listesine-girer-mi\/#breadcrumb\"},\"inLanguage\":\"en-US\",\"potentialAction\":[{\"@type\":\"ReadAction\",\"target\":[\"https:\/\/ista.org.tr\/blog\/haberler\/vahap-munyar-istanbul-dunyanin-adalet-merkezi-listesine-girer-mi\/\"]}]},{\"@type\":\"BreadcrumbList\",\"@id\":\"https:\/\/ista.org.tr\/blog\/haberler\/vahap-munyar-istanbul-dunyanin-adalet-merkezi-listesine-girer-mi\/#breadcrumb\",\"itemListElement\":[{\"@type\":\"ListItem\",\"position\":1,\"name\":\"Ana sayfa\",\"item\":\"https:\/\/ista.org.tr\/\"},{\"@type\":\"ListItem\",\"position\":2,\"name\":\"Vahap Munyar: \u0130stanbul, d\u00fcnyan\u0131n \u2018adalet merkezi\u2019 listesine girer mi\"}]},{\"@type\":\"WebSite\",\"@id\":\"https:\/\/ista.org.tr\/#website\",\"url\":\"https:\/\/ista.org.tr\/\",\"name\":\"\u0130STA\",\"description\":\"\u0130stanbul Tahkim Derne\u011fi\",\"publisher\":{\"@id\":\"https:\/\/ista.org.tr\/#organization\"},\"potentialAction\":[{\"@type\":\"SearchAction\",\"target\":{\"@type\":\"EntryPoint\",\"urlTemplate\":\"https:\/\/ista.org.tr\/?s={search_term_string}\"},\"query-input\":\"required name=search_term_string\"}],\"inLanguage\":\"en-US\"},{\"@type\":\"Organization\",\"@id\":\"https:\/\/ista.org.tr\/#organization\",\"name\":\"\u0130stanbul Tahkim Derne\u011fi\",\"url\":\"https:\/\/ista.org.tr\/\",\"logo\":{\"@type\":\"ImageObject\",\"inLanguage\":\"en-US\",\"@id\":\"https:\/\/ista.org.tr\/#\/schema\/logo\/image\/\",\"url\":\"https:\/\/ista.org.tr\/wp-content\/uploads\/2019\/12\/ista-logo.png\",\"contentUrl\":\"https:\/\/ista.org.tr\/wp-content\/uploads\/2019\/12\/ista-logo.png\",\"width\":400,\"height\":400,\"caption\":\"\u0130stanbul Tahkim Derne\u011fi\"},\"image\":{\"@id\":\"https:\/\/ista.org.tr\/#\/schema\/logo\/image\/\"},\"sameAs\":[\"https:\/\/www.youtube.com\/channel\/UCZeVp4QaClBT9w13rtPk44Q\/videos\",\"https:\/\/www.facebook.com\/istatahkim\/\",\"https:\/\/twitter.com\/ISTAtahkim\"]},{\"@type\":\"Person\",\"@id\":\"https:\/\/ista.org.tr\/#\/schema\/person\/f46bf0e6c7fa248b7fbfb5276ea6e634\",\"name\":\"Eyl\u00fcl G\u00f6rm\u00fc\u015f\",\"image\":{\"@type\":\"ImageObject\",\"inLanguage\":\"en-US\",\"@id\":\"https:\/\/ista.org.tr\/#\/schema\/person\/image\/\",\"url\":\"https:\/\/secure.gravatar.com\/avatar\/df97169739e0f4433bb404f0975f5761?s=96&d=mm&r=g\",\"contentUrl\":\"https:\/\/secure.gravatar.com\/avatar\/df97169739e0f4433bb404f0975f5761?s=96&d=mm&r=g\",\"caption\":\"Eyl\u00fcl G\u00f6rm\u00fc\u015f\"},\"sameAs\":[\"https:\/\/yakinda.org\"]}]}<\/script>\n<!-- \/ Yoast SEO plugin. -->","yoast_head_json":{"title":"Vahap Munyar: \u0130stanbul, d\u00fcnyan\u0131n \u2018adalet merkezi\u2019 listesine girer mi | \u0130STA","description":"\u0130STA taraf\u0131ndan yay\u0131nlanan Vahap Munyar: \u0130stanbul, d\u00fcnyan\u0131n \u2018adalet merkezi\u2019 listesine girer mi konulu yaz\u0131y\u0131 incelemek i\u00e7in sitemizi ziyaret edin.","robots":{"index":"index","follow":"follow","max-snippet":"max-snippet:-1","max-image-preview":"max-image-preview:large","max-video-preview":"max-video-preview:-1"},"canonical":"https:\/\/ista.org.tr\/blog\/haberler\/vahap-munyar-istanbul-dunyanin-adalet-merkezi-listesine-girer-mi\/","og_locale":"en_US","og_type":"article","og_title":"Vahap Munyar: \u0130stanbul, d\u00fcnyan\u0131n \u2018adalet merkezi\u2019 listesine girer mi | \u0130STA","og_description":"\u0130STA taraf\u0131ndan yay\u0131nlanan Vahap Munyar: \u0130stanbul, d\u00fcnyan\u0131n \u2018adalet merkezi\u2019 listesine girer mi konulu yaz\u0131y\u0131 incelemek i\u00e7in sitemizi ziyaret edin.","og_url":"https:\/\/ista.org.tr\/blog\/haberler\/vahap-munyar-istanbul-dunyanin-adalet-merkezi-listesine-girer-mi\/","og_site_name":"\u0130STA","article_publisher":"https:\/\/www.facebook.com\/istatahkim\/","article_published_time":"2018-02-12T13:40:14+00:00","article_modified_time":"2020-06-01T13:44:07+00:00","og_image":[{"width":800,"height":534,"url":"https:\/\/ista.org.tr\/wp-content\/uploads\/2020\/06\/vahap-munyar-istanbul-dunyanin-adalet-merkezi-listesine-girer-mi.jpeg","type":"image\/jpeg"}],"author":"Eyl\u00fcl G\u00f6rm\u00fc\u015f","twitter_card":"summary_large_image","twitter_creator":"@ISTAtahkim","twitter_site":"@ISTAtahkim","twitter_misc":{"Written by":"Eyl\u00fcl G\u00f6rm\u00fc\u015f","Est. reading time":"1 minute"},"schema":{"@context":"https:\/\/schema.org","@graph":[{"@type":"Article","@id":"https:\/\/ista.org.tr\/blog\/haberler\/vahap-munyar-istanbul-dunyanin-adalet-merkezi-listesine-girer-mi\/#article","isPartOf":{"@id":"https:\/\/ista.org.tr\/blog\/haberler\/vahap-munyar-istanbul-dunyanin-adalet-merkezi-listesine-girer-mi\/"},"author":{"name":"Eyl\u00fcl G\u00f6rm\u00fc\u015f","@id":"https:\/\/ista.org.tr\/#\/schema\/person\/f46bf0e6c7fa248b7fbfb5276ea6e634"},"headline":"Vahap Munyar: \u0130stanbul, d\u00fcnyan\u0131n \u2018adalet merkezi\u2019 listesine girer mi","datePublished":"2018-02-12T13:40:14+00:00","dateModified":"2020-06-01T13:44:07+00:00","mainEntityOfPage":{"@id":"https:\/\/ista.org.tr\/blog\/haberler\/vahap-munyar-istanbul-dunyanin-adalet-merkezi-listesine-girer-mi\/"},"wordCount":246,"commentCount":0,"publisher":{"@id":"https:\/\/ista.org.tr\/#organization"},"keywords":["\u0130hracat","ISTAC","Sekt\u00f6rel Tahkim","T\u0130M"],"articleSection":["Haberler","\u0130stanbul Tahkim Merkezi"],"inLanguage":"en-US","potentialAction":[{"@type":"CommentAction","name":"Comment","target":["https:\/\/ista.org.tr\/blog\/haberler\/vahap-munyar-istanbul-dunyanin-adalet-merkezi-listesine-girer-mi\/#respond"]}]},{"@type":"WebPage","@id":"https:\/\/ista.org.tr\/blog\/haberler\/vahap-munyar-istanbul-dunyanin-adalet-merkezi-listesine-girer-mi\/","url":"https:\/\/ista.org.tr\/blog\/haberler\/vahap-munyar-istanbul-dunyanin-adalet-merkezi-listesine-girer-mi\/","name":"Vahap Munyar: \u0130stanbul, d\u00fcnyan\u0131n \u2018adalet merkezi\u2019 listesine girer mi | \u0130STA","isPartOf":{"@id":"https:\/\/ista.org.tr\/#website"},"datePublished":"2018-02-12T13:40:14+00:00","dateModified":"2020-06-01T13:44:07+00:00","description":"\u0130STA taraf\u0131ndan yay\u0131nlanan Vahap Munyar: \u0130stanbul, d\u00fcnyan\u0131n \u2018adalet merkezi\u2019 listesine girer mi konulu yaz\u0131y\u0131 incelemek i\u00e7in sitemizi ziyaret edin.","breadcrumb":{"@id":"https:\/\/ista.org.tr\/blog\/haberler\/vahap-munyar-istanbul-dunyanin-adalet-merkezi-listesine-girer-mi\/#breadcrumb"},"inLanguage":"en-US","potentialAction":[{"@type":"ReadAction","target":["https:\/\/ista.org.tr\/blog\/haberler\/vahap-munyar-istanbul-dunyanin-adalet-merkezi-listesine-girer-mi\/"]}]},{"@type":"BreadcrumbList","@id":"https:\/\/ista.org.tr\/blog\/haberler\/vahap-munyar-istanbul-dunyanin-adalet-merkezi-listesine-girer-mi\/#breadcrumb","itemListElement":[{"@type":"ListItem","position":1,"name":"Ana sayfa","item":"https:\/\/ista.org.tr\/"},{"@type":"ListItem","position":2,"name":"Vahap Munyar: \u0130stanbul, d\u00fcnyan\u0131n \u2018adalet merkezi\u2019 listesine girer mi"}]},{"@type":"WebSite","@id":"https:\/\/ista.org.tr\/#website","url":"https:\/\/ista.org.tr\/","name":"\u0130STA","description":"\u0130stanbul Tahkim Derne\u011fi","publisher":{"@id":"https:\/\/ista.org.tr\/#organization"},"potentialAction":[{"@type":"SearchAction","target":{"@type":"EntryPoint","urlTemplate":"https:\/\/ista.org.tr\/?s={search_term_string}"},"query-input":"required name=search_term_string"}],"inLanguage":"en-US"},{"@type":"Organization","@id":"https:\/\/ista.org.tr\/#organization","name":"\u0130stanbul Tahkim Derne\u011fi","url":"https:\/\/ista.org.tr\/","logo":{"@type":"ImageObject","inLanguage":"en-US","@id":"https:\/\/ista.org.tr\/#\/schema\/logo\/image\/","url":"https:\/\/ista.org.tr\/wp-content\/uploads\/2019\/12\/ista-logo.png","contentUrl":"https:\/\/ista.org.tr\/wp-content\/uploads\/2019\/12\/ista-logo.png","width":400,"height":400,"caption":"\u0130stanbul Tahkim Derne\u011fi"},"image":{"@id":"https:\/\/ista.org.tr\/#\/schema\/logo\/image\/"},"sameAs":["https:\/\/www.youtube.com\/channel\/UCZeVp4QaClBT9w13rtPk44Q\/videos","https:\/\/www.facebook.com\/istatahkim\/","https:\/\/twitter.com\/ISTAtahkim"]},{"@type":"Person","@id":"https:\/\/ista.org.tr\/#\/schema\/person\/f46bf0e6c7fa248b7fbfb5276ea6e634","name":"Eyl\u00fcl G\u00f6rm\u00fc\u015f","image":{"@type":"ImageObject","inLanguage":"en-US","@id":"https:\/\/ista.org.tr\/#\/schema\/person\/image\/","url":"https:\/\/secure.gravatar.com\/avatar\/df97169739e0f4433bb404f0975f5761?s=96&d=mm&r=g","contentUrl":"https:\/\/secure.gravatar.com\/avatar\/df97169739e0f4433bb404f0975f5761?s=96&d=mm&r=g","caption":"Eyl\u00fcl G\u00f6rm\u00fc\u015f"},"sameAs":["https:\/\/yakinda.org"]}]}},"_links":{"self":[{"href":"https:\/\/ista.org.tr\/en\/wp-json\/wp\/v2\/posts\/718"}],"collection":[{"href":"https:\/\/ista.org.tr\/en\/wp-json\/wp\/v2\/posts"}],"about":[{"href":"https:\/\/ista.org.tr\/en\/wp-json\/wp\/v2\/types\/post"}],"author":[{"embeddable":true,"href":"https:\/\/ista.org.tr\/en\/wp-json\/wp\/v2\/users\/1"}],"replies":[{"embeddable":true,"href":"https:\/\/ista.org.tr\/en\/wp-json\/wp\/v2\/comments?post=718"}],"version-history":[{"count":2,"href":"https:\/\/ista.org.tr\/en\/wp-json\/wp\/v2\/posts\/718\/revisions"}],"predecessor-version":[{"id":720,"href":"https:\/\/ista.org.tr\/en\/wp-json\/wp\/v2\/posts\/718\/revisions\/720"}],"wp:featuredmedia":[{"embeddable":true,"href":"https:\/\/ista.org.tr\/en\/wp-json\/wp\/v2\/media\/719"}],"wp:attachment":[{"href":"https:\/\/ista.org.tr\/en\/wp-json\/wp\/v2\/media?parent=718"}],"wp:term":[{"taxonomy":"category","embeddable":true,"href":"https:\/\/ista.org.tr\/en\/wp-json\/wp\/v2\/categories?post=718"},{"taxonomy":"post_tag","embeddable":true,"href":"https:\/\/ista.org.tr\/en\/wp-json\/wp\/v2\/tags?post=718"}],"curies":[{"name":"wp","href":"https:\/\/api.w.org\/{rel}","templated":true}]}}