{"id":734,"date":"2018-06-06T22:42:41","date_gmt":"2018-06-06T19:42:41","guid":{"rendered":"http:\/\/ista.org.tr\/haberler\/bolge-adliye-mahkemeleri-iptal-davalarinda-gorevli-mahkemeler-haline-geldi-copy\/"},"modified":"2020-06-01T22:45:13","modified_gmt":"2020-06-01T19:45:13","slug":"mehmet-gun-istayi-temsilen-turkonfed-baskan-yardimcisi-oldu","status":"publish","type":"post","link":"https:\/\/ista.org.tr\/en\/blog\/haberler\/mehmet-gun-istayi-temsilen-turkonfed-baskan-yardimcisi-oldu\/","title":{"rendered":"Mehmet G\u00fcn \u0130STA&#8217;y\u0131 Temsilen T\u00dcRKONFED Ba\u015fkan Yard\u0131mc\u0131s\u0131 oldu"},"content":{"rendered":"<p>Mehmet G\u00fcn, T\u00fcrkiye&#8217;de i\u015f insan\u0131, sekt\u00f6r ve uzmanl\u0131k derneklerinin en \u00fcst \u00e7at\u0131 kurulu\u015fu olan T\u00fcrk Giri\u015fim ve \u0130\u015f D\u00fcnyas\u0131 Konfederasyonu&#8217;nu (T\u00dcRKONFED) 13. Genel Kurulu\u2019nda Y\u00f6netim Kurulu \u00dcyesi olarak se\u00e7ildi. Mehmet G\u00fcn, daha sonra yap\u0131lan g\u00f6rev da\u011f\u0131l\u0131m\u0131nda Y\u00f6netim Kurulu Ba\u015fkan Yard\u0131mc\u0131l\u0131\u011f\u0131 g\u00f6revini \u00fcstlendi.<\/p>\n<div>\n<p>\u00dcyesi olan 29 federasyon ve 235 dernek ile b\u00f6lgesel ve sekt\u00f6rel i\u015f d\u00fcnyas\u0131 \u00f6rg\u00fctlerinin \u00e7at\u0131 kurulu\u015fu olan T\u00fcrk Giri\u015fim ve \u0130\u015f D\u00fcnyas\u0131 Konfederasyonu\u2019nun, (T\u00dcRKONFED) \u0130stanbul\u2019da ger\u00e7ekle\u015ftirilen 13. Ola\u011fan Genel Kurul Toplant\u0131s\u0131\u2019nda Y\u00f6netim Kurulu Ba\u015fkanl\u0131\u011f\u0131 g\u00f6revine Orhan Turan se\u00e7ildi. Genel Kurul\u2019da yeni Y\u00f6netim Kurulu \u00dcyeleri de belirlenirken, bir \u00f6nceki d\u00f6neme g\u00f6re y\u00f6netimdeki kad\u0131n \u00fcye say\u0131s\u0131 y\u00fczde 100 artarak, a\u011f\u0131rl\u0131\u011f\u0131n\u0131 y\u00fczde 23\u2019e y\u00fckseltti. T\u00dcRKONFED Y\u00f6netim Kurulu Ba\u015fkan Vekili \u015e\u00fckr\u00fc \u00dcnl\u00fct\u00fcrk\u2019\u00fcn ev sahipli\u011fi yapt\u0131\u011f\u0131 13. Ola\u011fan Genel Kurul Toplant\u0131s\u0131\u2019na T\u00dcS\u0130AD Y\u00f6netim Kurulu Ba\u015fkan\u0131 Erol Bilecik\u2019in yan\u0131 s\u0131ra T\u00dcS\u0130AD \u00d6nceki D\u00f6nem Y\u00f6netim Kurulu Ba\u015fkan\u0131 Muharrem Y\u0131lmaz ve Konfederasyon \u00fcyeleri kat\u0131ld\u0131.<\/p>\n<p>Genel Kurula \u0130STA Delegesi olarak kat\u0131lan Mehmet G\u00fcn, yap\u0131lan kongrede y\u00f6netim kuruluna se\u00e7ildi. Genel Kurul sonras\u0131nda yap\u0131lan y\u00f6netim kurulu toplant\u0131s\u0131nda yap\u0131lan g\u00f6rev da\u011f\u0131l\u0131m\u0131nda, Mehmet G\u00fcn T\u00dcRKONFED Y\u00f6netim Kurulu Ba\u015fkan Yard\u0131mc\u0131l\u0131\u011f\u0131 g\u00f6revini \u00fcstlendi.<\/p>\n<p>Konfederasyon \u00fcyesi SEDEFED\u2019in daha \u00f6nce yap\u0131lan genel kurulunda ise ISTA Genel Sekreteri Emre Tamer, SEDEFED Y\u00f6netim Kurulu \u00fcyesi olarak se\u00e7ilmi\u015fti.<\/p>\n<\/div>\n","protected":false},"excerpt":{"rendered":"<p>Mehmet G\u00fcn, T\u00fcrkiye&#8217;de i\u015f insan\u0131, sekt\u00f6r ve uzmanl\u0131k derneklerinin en \u00fcst \u00e7at\u0131 kurulu\u015fu olan T\u00fcrk&#8230;<\/p>\n","protected":false},"author":1,"featured_media":736,"comment_status":"open","ping_status":"open","sticky":false,"template":"","format":"standard","meta":{"_mi_skip_tracking":false},"categories":[4,32],"tags":[81,35,82,80],"yoast_head":"<!-- This site is optimized with the Yoast SEO plugin v19.14 - https:\/\/yoast.com\/wordpress\/plugins\/seo\/ -->\n<title>Mehmet G\u00fcn \u0130STA&#039;y\u0131 Temsilen T\u00dcRKONFED Ba\u015fkan Yard\u0131mc\u0131s\u0131 oldu | \u0130STA<\/title>\n<meta name=\"description\" content=\"\u0130STA taraf\u0131ndan yay\u0131nlanan Mehmet G\u00fcn \u0130STA&#039;y\u0131 Temsilen T\u00dcRKONFED Ba\u015fkan Yard\u0131mc\u0131s\u0131 oldu konulu yaz\u0131y\u0131 incelemek i\u00e7in sitemizi ziyaret edin.\" \/>\n<meta name=\"robots\" content=\"index, follow, max-snippet:-1, max-image-preview:large, max-video-preview:-1\" \/>\n<link rel=\"canonical\" href=\"https:\/\/ista.org.tr\/blog\/haberler\/mehmet-gun-istayi-temsilen-turkonfed-baskan-yardimcisi-oldu\/\" \/>\n<meta property=\"og:locale\" content=\"en_US\" \/>\n<meta property=\"og:type\" content=\"article\" \/>\n<meta property=\"og:title\" content=\"Mehmet G\u00fcn \u0130STA&#039;y\u0131 Temsilen T\u00dcRKONFED Ba\u015fkan Yard\u0131mc\u0131s\u0131 oldu | \u0130STA\" \/>\n<meta property=\"og:description\" content=\"\u0130STA taraf\u0131ndan yay\u0131nlanan Mehmet G\u00fcn \u0130STA&#039;y\u0131 Temsilen T\u00dcRKONFED Ba\u015fkan Yard\u0131mc\u0131s\u0131 oldu konulu yaz\u0131y\u0131 incelemek i\u00e7in sitemizi ziyaret edin.\" \/>\n<meta property=\"og:url\" content=\"https:\/\/ista.org.tr\/blog\/haberler\/mehmet-gun-istayi-temsilen-turkonfed-baskan-yardimcisi-oldu\/\" \/>\n<meta property=\"og:site_name\" content=\"\u0130STA\" \/>\n<meta property=\"article:publisher\" content=\"https:\/\/www.facebook.com\/istatahkim\/\" \/>\n<meta property=\"article:published_time\" content=\"2018-06-06T19:42:41+00:00\" \/>\n<meta property=\"article:modified_time\" content=\"2020-06-01T19:45:13+00:00\" \/>\n<meta property=\"og:image\" content=\"https:\/\/ista.org.tr\/wp-content\/uploads\/2020\/06\/mehmet-gun-istayi-temsilen-turkonfed-baskan-yardimcisi-oldu.jpg\" \/>\n\t<meta property=\"og:image:width\" content=\"800\" \/>\n\t<meta property=\"og:image:height\" content=\"450\" \/>\n\t<meta property=\"og:image:type\" content=\"image\/jpeg\" \/>\n<meta name=\"author\" content=\"Eyl\u00fcl G\u00f6rm\u00fc\u015f\" \/>\n<meta name=\"twitter:card\" content=\"summary_large_image\" \/>\n<meta name=\"twitter:creator\" content=\"@ISTAtahkim\" \/>\n<meta name=\"twitter:site\" content=\"@ISTAtahkim\" \/>\n<meta name=\"twitter:label1\" content=\"Written by\" \/>\n\t<meta name=\"twitter:data1\" content=\"Eyl\u00fcl G\u00f6rm\u00fc\u015f\" \/>\n\t<meta name=\"twitter:label2\" content=\"Est. reading time\" \/>\n\t<meta name=\"twitter:data2\" content=\"1 minute\" \/>\n<script type=\"application\/ld+json\" class=\"yoast-schema-graph\">{\"@context\":\"https:\/\/schema.org\",\"@graph\":[{\"@type\":\"Article\",\"@id\":\"https:\/\/ista.org.tr\/blog\/haberler\/mehmet-gun-istayi-temsilen-turkonfed-baskan-yardimcisi-oldu\/#article\",\"isPartOf\":{\"@id\":\"https:\/\/ista.org.tr\/blog\/haberler\/mehmet-gun-istayi-temsilen-turkonfed-baskan-yardimcisi-oldu\/\"},\"author\":{\"name\":\"Eyl\u00fcl G\u00f6rm\u00fc\u015f\",\"@id\":\"https:\/\/ista.org.tr\/#\/schema\/person\/f46bf0e6c7fa248b7fbfb5276ea6e634\"},\"headline\":\"Mehmet G\u00fcn \u0130STA&#8217;y\u0131 Temsilen T\u00dcRKONFED Ba\u015fkan Yard\u0131mc\u0131s\u0131 oldu\",\"datePublished\":\"2018-06-06T19:42:41+00:00\",\"dateModified\":\"2020-06-01T19:45:13+00:00\",\"mainEntityOfPage\":{\"@id\":\"https:\/\/ista.org.tr\/blog\/haberler\/mehmet-gun-istayi-temsilen-turkonfed-baskan-yardimcisi-oldu\/\"},\"wordCount\":300,\"commentCount\":0,\"publisher\":{\"@id\":\"https:\/\/ista.org.tr\/#organization\"},\"keywords\":[\"Emre Tamer\",\"mehmet g\u00fcn\",\"SEDEFED\",\"T\u00dcRKONFED\"],\"articleSection\":[\"Haberler\",\"\u0130STA'dan Haberler\"],\"inLanguage\":\"en-US\",\"potentialAction\":[{\"@type\":\"CommentAction\",\"name\":\"Comment\",\"target\":[\"https:\/\/ista.org.tr\/blog\/haberler\/mehmet-gun-istayi-temsilen-turkonfed-baskan-yardimcisi-oldu\/#respond\"]}]},{\"@type\":\"WebPage\",\"@id\":\"https:\/\/ista.org.tr\/blog\/haberler\/mehmet-gun-istayi-temsilen-turkonfed-baskan-yardimcisi-oldu\/\",\"url\":\"https:\/\/ista.org.tr\/blog\/haberler\/mehmet-gun-istayi-temsilen-turkonfed-baskan-yardimcisi-oldu\/\",\"name\":\"Mehmet G\u00fcn \u0130STA'y\u0131 Temsilen T\u00dcRKONFED Ba\u015fkan Yard\u0131mc\u0131s\u0131 oldu | \u0130STA\",\"isPartOf\":{\"@id\":\"https:\/\/ista.org.tr\/#website\"},\"datePublished\":\"2018-06-06T19:42:41+00:00\",\"dateModified\":\"2020-06-01T19:45:13+00:00\",\"description\":\"\u0130STA taraf\u0131ndan yay\u0131nlanan Mehmet G\u00fcn \u0130STA'y\u0131 Temsilen T\u00dcRKONFED Ba\u015fkan Yard\u0131mc\u0131s\u0131 oldu konulu yaz\u0131y\u0131 incelemek i\u00e7in sitemizi ziyaret edin.\",\"breadcrumb\":{\"@id\":\"https:\/\/ista.org.tr\/blog\/haberler\/mehmet-gun-istayi-temsilen-turkonfed-baskan-yardimcisi-oldu\/#breadcrumb\"},\"inLanguage\":\"en-US\",\"potentialAction\":[{\"@type\":\"ReadAction\",\"target\":[\"https:\/\/ista.org.tr\/blog\/haberler\/mehmet-gun-istayi-temsilen-turkonfed-baskan-yardimcisi-oldu\/\"]}]},{\"@type\":\"BreadcrumbList\",\"@id\":\"https:\/\/ista.org.tr\/blog\/haberler\/mehmet-gun-istayi-temsilen-turkonfed-baskan-yardimcisi-oldu\/#breadcrumb\",\"itemListElement\":[{\"@type\":\"ListItem\",\"position\":1,\"name\":\"Ana sayfa\",\"item\":\"https:\/\/ista.org.tr\/\"},{\"@type\":\"ListItem\",\"position\":2,\"name\":\"Mehmet G\u00fcn \u0130STA&#8217;y\u0131 Temsilen T\u00dcRKONFED Ba\u015fkan Yard\u0131mc\u0131s\u0131 oldu\"}]},{\"@type\":\"WebSite\",\"@id\":\"https:\/\/ista.org.tr\/#website\",\"url\":\"https:\/\/ista.org.tr\/\",\"name\":\"\u0130STA\",\"description\":\"\u0130stanbul Tahkim Derne\u011fi\",\"publisher\":{\"@id\":\"https:\/\/ista.org.tr\/#organization\"},\"potentialAction\":[{\"@type\":\"SearchAction\",\"target\":{\"@type\":\"EntryPoint\",\"urlTemplate\":\"https:\/\/ista.org.tr\/?s={search_term_string}\"},\"query-input\":\"required name=search_term_string\"}],\"inLanguage\":\"en-US\"},{\"@type\":\"Organization\",\"@id\":\"https:\/\/ista.org.tr\/#organization\",\"name\":\"\u0130stanbul Tahkim Derne\u011fi\",\"url\":\"https:\/\/ista.org.tr\/\",\"logo\":{\"@type\":\"ImageObject\",\"inLanguage\":\"en-US\",\"@id\":\"https:\/\/ista.org.tr\/#\/schema\/logo\/image\/\",\"url\":\"https:\/\/ista.org.tr\/wp-content\/uploads\/2019\/12\/ista-logo.png\",\"contentUrl\":\"https:\/\/ista.org.tr\/wp-content\/uploads\/2019\/12\/ista-logo.png\",\"width\":400,\"height\":400,\"caption\":\"\u0130stanbul Tahkim Derne\u011fi\"},\"image\":{\"@id\":\"https:\/\/ista.org.tr\/#\/schema\/logo\/image\/\"},\"sameAs\":[\"https:\/\/www.youtube.com\/channel\/UCZeVp4QaClBT9w13rtPk44Q\/videos\",\"https:\/\/www.facebook.com\/istatahkim\/\",\"https:\/\/twitter.com\/ISTAtahkim\"]},{\"@type\":\"Person\",\"@id\":\"https:\/\/ista.org.tr\/#\/schema\/person\/f46bf0e6c7fa248b7fbfb5276ea6e634\",\"name\":\"Eyl\u00fcl G\u00f6rm\u00fc\u015f\",\"image\":{\"@type\":\"ImageObject\",\"inLanguage\":\"en-US\",\"@id\":\"https:\/\/ista.org.tr\/#\/schema\/person\/image\/\",\"url\":\"https:\/\/secure.gravatar.com\/avatar\/df97169739e0f4433bb404f0975f5761?s=96&d=mm&r=g\",\"contentUrl\":\"https:\/\/secure.gravatar.com\/avatar\/df97169739e0f4433bb404f0975f5761?s=96&d=mm&r=g\",\"caption\":\"Eyl\u00fcl G\u00f6rm\u00fc\u015f\"},\"sameAs\":[\"https:\/\/yakinda.org\"]}]}<\/script>\n<!-- \/ Yoast SEO plugin. -->","yoast_head_json":{"title":"Mehmet G\u00fcn \u0130STA'y\u0131 Temsilen T\u00dcRKONFED Ba\u015fkan Yard\u0131mc\u0131s\u0131 oldu | \u0130STA","description":"\u0130STA taraf\u0131ndan yay\u0131nlanan Mehmet G\u00fcn \u0130STA'y\u0131 Temsilen T\u00dcRKONFED Ba\u015fkan Yard\u0131mc\u0131s\u0131 oldu konulu yaz\u0131y\u0131 incelemek i\u00e7in sitemizi ziyaret edin.","robots":{"index":"index","follow":"follow","max-snippet":"max-snippet:-1","max-image-preview":"max-image-preview:large","max-video-preview":"max-video-preview:-1"},"canonical":"https:\/\/ista.org.tr\/blog\/haberler\/mehmet-gun-istayi-temsilen-turkonfed-baskan-yardimcisi-oldu\/","og_locale":"en_US","og_type":"article","og_title":"Mehmet G\u00fcn \u0130STA'y\u0131 Temsilen T\u00dcRKONFED Ba\u015fkan Yard\u0131mc\u0131s\u0131 oldu | \u0130STA","og_description":"\u0130STA taraf\u0131ndan yay\u0131nlanan Mehmet G\u00fcn \u0130STA'y\u0131 Temsilen T\u00dcRKONFED Ba\u015fkan Yard\u0131mc\u0131s\u0131 oldu konulu yaz\u0131y\u0131 incelemek i\u00e7in sitemizi ziyaret edin.","og_url":"https:\/\/ista.org.tr\/blog\/haberler\/mehmet-gun-istayi-temsilen-turkonfed-baskan-yardimcisi-oldu\/","og_site_name":"\u0130STA","article_publisher":"https:\/\/www.facebook.com\/istatahkim\/","article_published_time":"2018-06-06T19:42:41+00:00","article_modified_time":"2020-06-01T19:45:13+00:00","og_image":[{"width":800,"height":450,"url":"https:\/\/ista.org.tr\/wp-content\/uploads\/2020\/06\/mehmet-gun-istayi-temsilen-turkonfed-baskan-yardimcisi-oldu.jpg","type":"image\/jpeg"}],"author":"Eyl\u00fcl G\u00f6rm\u00fc\u015f","twitter_card":"summary_large_image","twitter_creator":"@ISTAtahkim","twitter_site":"@ISTAtahkim","twitter_misc":{"Written by":"Eyl\u00fcl G\u00f6rm\u00fc\u015f","Est. reading time":"1 minute"},"schema":{"@context":"https:\/\/schema.org","@graph":[{"@type":"Article","@id":"https:\/\/ista.org.tr\/blog\/haberler\/mehmet-gun-istayi-temsilen-turkonfed-baskan-yardimcisi-oldu\/#article","isPartOf":{"@id":"https:\/\/ista.org.tr\/blog\/haberler\/mehmet-gun-istayi-temsilen-turkonfed-baskan-yardimcisi-oldu\/"},"author":{"name":"Eyl\u00fcl G\u00f6rm\u00fc\u015f","@id":"https:\/\/ista.org.tr\/#\/schema\/person\/f46bf0e6c7fa248b7fbfb5276ea6e634"},"headline":"Mehmet G\u00fcn \u0130STA&#8217;y\u0131 Temsilen T\u00dcRKONFED Ba\u015fkan Yard\u0131mc\u0131s\u0131 oldu","datePublished":"2018-06-06T19:42:41+00:00","dateModified":"2020-06-01T19:45:13+00:00","mainEntityOfPage":{"@id":"https:\/\/ista.org.tr\/blog\/haberler\/mehmet-gun-istayi-temsilen-turkonfed-baskan-yardimcisi-oldu\/"},"wordCount":300,"commentCount":0,"publisher":{"@id":"https:\/\/ista.org.tr\/#organization"},"keywords":["Emre Tamer","mehmet g\u00fcn","SEDEFED","T\u00dcRKONFED"],"articleSection":["Haberler","\u0130STA'dan Haberler"],"inLanguage":"en-US","potentialAction":[{"@type":"CommentAction","name":"Comment","target":["https:\/\/ista.org.tr\/blog\/haberler\/mehmet-gun-istayi-temsilen-turkonfed-baskan-yardimcisi-oldu\/#respond"]}]},{"@type":"WebPage","@id":"https:\/\/ista.org.tr\/blog\/haberler\/mehmet-gun-istayi-temsilen-turkonfed-baskan-yardimcisi-oldu\/","url":"https:\/\/ista.org.tr\/blog\/haberler\/mehmet-gun-istayi-temsilen-turkonfed-baskan-yardimcisi-oldu\/","name":"Mehmet G\u00fcn \u0130STA'y\u0131 Temsilen T\u00dcRKONFED Ba\u015fkan Yard\u0131mc\u0131s\u0131 oldu | \u0130STA","isPartOf":{"@id":"https:\/\/ista.org.tr\/#website"},"datePublished":"2018-06-06T19:42:41+00:00","dateModified":"2020-06-01T19:45:13+00:00","description":"\u0130STA taraf\u0131ndan yay\u0131nlanan Mehmet G\u00fcn \u0130STA'y\u0131 Temsilen T\u00dcRKONFED Ba\u015fkan Yard\u0131mc\u0131s\u0131 oldu konulu yaz\u0131y\u0131 incelemek i\u00e7in sitemizi ziyaret edin.","breadcrumb":{"@id":"https:\/\/ista.org.tr\/blog\/haberler\/mehmet-gun-istayi-temsilen-turkonfed-baskan-yardimcisi-oldu\/#breadcrumb"},"inLanguage":"en-US","potentialAction":[{"@type":"ReadAction","target":["https:\/\/ista.org.tr\/blog\/haberler\/mehmet-gun-istayi-temsilen-turkonfed-baskan-yardimcisi-oldu\/"]}]},{"@type":"BreadcrumbList","@id":"https:\/\/ista.org.tr\/blog\/haberler\/mehmet-gun-istayi-temsilen-turkonfed-baskan-yardimcisi-oldu\/#breadcrumb","itemListElement":[{"@type":"ListItem","position":1,"name":"Ana sayfa","item":"https:\/\/ista.org.tr\/"},{"@type":"ListItem","position":2,"name":"Mehmet G\u00fcn \u0130STA&#8217;y\u0131 Temsilen T\u00dcRKONFED Ba\u015fkan Yard\u0131mc\u0131s\u0131 oldu"}]},{"@type":"WebSite","@id":"https:\/\/ista.org.tr\/#website","url":"https:\/\/ista.org.tr\/","name":"\u0130STA","description":"\u0130stanbul Tahkim Derne\u011fi","publisher":{"@id":"https:\/\/ista.org.tr\/#organization"},"potentialAction":[{"@type":"SearchAction","target":{"@type":"EntryPoint","urlTemplate":"https:\/\/ista.org.tr\/?s={search_term_string}"},"query-input":"required name=search_term_string"}],"inLanguage":"en-US"},{"@type":"Organization","@id":"https:\/\/ista.org.tr\/#organization","name":"\u0130stanbul Tahkim Derne\u011fi","url":"https:\/\/ista.org.tr\/","logo":{"@type":"ImageObject","inLanguage":"en-US","@id":"https:\/\/ista.org.tr\/#\/schema\/logo\/image\/","url":"https:\/\/ista.org.tr\/wp-content\/uploads\/2019\/12\/ista-logo.png","contentUrl":"https:\/\/ista.org.tr\/wp-content\/uploads\/2019\/12\/ista-logo.png","width":400,"height":400,"caption":"\u0130stanbul Tahkim Derne\u011fi"},"image":{"@id":"https:\/\/ista.org.tr\/#\/schema\/logo\/image\/"},"sameAs":["https:\/\/www.youtube.com\/channel\/UCZeVp4QaClBT9w13rtPk44Q\/videos","https:\/\/www.facebook.com\/istatahkim\/","https:\/\/twitter.com\/ISTAtahkim"]},{"@type":"Person","@id":"https:\/\/ista.org.tr\/#\/schema\/person\/f46bf0e6c7fa248b7fbfb5276ea6e634","name":"Eyl\u00fcl G\u00f6rm\u00fc\u015f","image":{"@type":"ImageObject","inLanguage":"en-US","@id":"https:\/\/ista.org.tr\/#\/schema\/person\/image\/","url":"https:\/\/secure.gravatar.com\/avatar\/df97169739e0f4433bb404f0975f5761?s=96&d=mm&r=g","contentUrl":"https:\/\/secure.gravatar.com\/avatar\/df97169739e0f4433bb404f0975f5761?s=96&d=mm&r=g","caption":"Eyl\u00fcl G\u00f6rm\u00fc\u015f"},"sameAs":["https:\/\/yakinda.org"]}]}},"_links":{"self":[{"href":"https:\/\/ista.org.tr\/en\/wp-json\/wp\/v2\/posts\/734"}],"collection":[{"href":"https:\/\/ista.org.tr\/en\/wp-json\/wp\/v2\/posts"}],"about":[{"href":"https:\/\/ista.org.tr\/en\/wp-json\/wp\/v2\/types\/post"}],"author":[{"embeddable":true,"href":"https:\/\/ista.org.tr\/en\/wp-json\/wp\/v2\/users\/1"}],"replies":[{"embeddable":true,"href":"https:\/\/ista.org.tr\/en\/wp-json\/wp\/v2\/comments?post=734"}],"version-history":[{"count":2,"href":"https:\/\/ista.org.tr\/en\/wp-json\/wp\/v2\/posts\/734\/revisions"}],"predecessor-version":[{"id":737,"href":"https:\/\/ista.org.tr\/en\/wp-json\/wp\/v2\/posts\/734\/revisions\/737"}],"wp:featuredmedia":[{"embeddable":true,"href":"https:\/\/ista.org.tr\/en\/wp-json\/wp\/v2\/media\/736"}],"wp:attachment":[{"href":"https:\/\/ista.org.tr\/en\/wp-json\/wp\/v2\/media?parent=734"}],"wp:term":[{"taxonomy":"category","embeddable":true,"href":"https:\/\/ista.org.tr\/en\/wp-json\/wp\/v2\/categories?post=734"},{"taxonomy":"post_tag","embeddable":true,"href":"https:\/\/ista.org.tr\/en\/wp-json\/wp\/v2\/tags?post=734"}],"curies":[{"name":"wp","href":"https:\/\/api.w.org\/{rel}","templated":true}]}}