{"id":742,"date":"2018-07-05T22:49:15","date_gmt":"2018-07-05T19:49:15","guid":{"rendered":"http:\/\/ista.org.tr\/haberler\/gar-live-istanbul-konferansi-copy\/"},"modified":"2020-06-01T22:51:30","modified_gmt":"2020-06-01T19:51:30","slug":"sigorta-tahkim-komisyonuna-basvuru-yuzde-100-artti","status":"publish","type":"post","link":"https:\/\/ista.org.tr\/en\/blog\/haberler\/sigorta-tahkim-komisyonuna-basvuru-yuzde-100-artti\/","title":{"rendered":"Sigorta Tahkim Komisyonu&#8217;na ba\u015fvuru y\u00fczde 100 artt\u0131"},"content":{"rendered":"<p>Sigorta Tahkim Komisyonu 2017 y\u0131l\u0131 faaliyet raporunu yay\u0131mlad\u0131.<\/p>\n<div>\n<p>Rapora g\u00f6re, 2016 y\u0131l\u0131nda 42 bin 29 olan ba\u015fvuru say\u0131s\u0131, 2017 y\u0131l\u0131nda y\u00fczde 100,95\u2019lik bir art\u0131\u015fla, 84 bin 456\u2019ya ula\u015ft\u0131. S\u00f6z konusu ba\u015fvurunun 83 bin 991\u2019i hayat d\u0131\u015f\u0131 bran\u015flardan, 465\u2019i ise hayat bran\u015f\u0131ndan yap\u0131ld\u0131.<\/p>\n<p>Komisyona gelen uyu\u015fmazl\u0131klar\u0131n hakemlerce karara ba\u011flanma s\u00fcresi ortalama 64 g\u00fcn olup, uyu\u015fmazl\u0131klar\u0131n bu kadar k\u0131sa s\u00fcrede karara ba\u011flanmas\u0131 komisyonun tercih edilmesindeki en \u00f6nemli unsurlar\u0131n ba\u015f\u0131nda geliyor.<\/p>\n<p>Rapora g\u00f6re, komisyonun \u015fu ana kadar T\u00fcrkiye\u2019deki b\u00fct\u00fcn illerden ba\u015fvuru alm\u0131\u015f olmas\u0131 eri\u015filebilir bir kurum oldu\u011funu g\u00f6steriyor. 2017 y\u0131l\u0131nda da en \u00e7ok ba\u015fvuru y\u00fczde 52,10 ile \u0130stanbul\u2019dan al\u0131n\u0131rken, \u0130stanbul\u2019u y\u00fczde 20,53 ile Ankara ve y\u00fczde 6,27 ile \u0130zmir takip etti.<\/p>\n<\/div>\n<p>Raporu indirmek i\u00e7in t\u0131klay\u0131n\u0131z:<\/p>\n<div><a href=\"http:\/\/www.sigortatahkim.org.tr\/files\/FaaliyetRaporu2017.pdf\">http:\/\/www.sigortatahkim.org.tr\/files\/FaaliyetRaporu2017.pdf<\/a><\/div>\n","protected":false},"excerpt":{"rendered":"<p>Sigorta Tahkim Komisyonu 2017 y\u0131l\u0131 faaliyet raporunu yay\u0131mlad\u0131. Rapora g\u00f6re, 2016 y\u0131l\u0131nda 42 bin 29&#8230;<\/p>\n","protected":false},"author":1,"featured_media":744,"comment_status":"open","ping_status":"open","sticky":false,"template":"","format":"standard","meta":{"_mi_skip_tracking":false},"categories":[4,20],"tags":[86,87,85],"yoast_head":"<!-- This site is optimized with the Yoast SEO plugin v19.14 - https:\/\/yoast.com\/wordpress\/plugins\/seo\/ -->\n<title>Sigorta Tahkim Komisyonu&#039;na ba\u015fvuru y\u00fczde 100 artt\u0131 | \u0130STA<\/title>\n<meta name=\"description\" content=\"\u0130STA taraf\u0131ndan yay\u0131nlanan Sigorta Tahkim Komisyonu&#039;na ba\u015fvuru y\u00fczde 100 artt\u0131 konulu yaz\u0131y\u0131 incelemek i\u00e7in sitemizi ziyaret edin.\" \/>\n<meta name=\"robots\" content=\"index, follow, max-snippet:-1, max-image-preview:large, max-video-preview:-1\" \/>\n<link rel=\"canonical\" href=\"https:\/\/ista.org.tr\/blog\/haberler\/sigorta-tahkim-komisyonuna-basvuru-yuzde-100-artti\/\" \/>\n<meta property=\"og:locale\" content=\"en_US\" \/>\n<meta property=\"og:type\" content=\"article\" \/>\n<meta property=\"og:title\" content=\"Sigorta Tahkim Komisyonu&#039;na ba\u015fvuru y\u00fczde 100 artt\u0131 | \u0130STA\" \/>\n<meta property=\"og:description\" content=\"\u0130STA taraf\u0131ndan yay\u0131nlanan Sigorta Tahkim Komisyonu&#039;na ba\u015fvuru y\u00fczde 100 artt\u0131 konulu yaz\u0131y\u0131 incelemek i\u00e7in sitemizi ziyaret edin.\" \/>\n<meta property=\"og:url\" content=\"https:\/\/ista.org.tr\/blog\/haberler\/sigorta-tahkim-komisyonuna-basvuru-yuzde-100-artti\/\" \/>\n<meta property=\"og:site_name\" content=\"\u0130STA\" \/>\n<meta property=\"article:publisher\" content=\"https:\/\/www.facebook.com\/istatahkim\/\" \/>\n<meta property=\"article:published_time\" content=\"2018-07-05T19:49:15+00:00\" \/>\n<meta property=\"article:modified_time\" content=\"2020-06-01T19:51:30+00:00\" \/>\n<meta property=\"og:image\" content=\"https:\/\/ista.org.tr\/wp-content\/uploads\/2020\/06\/sigorta-tahkim-komisyonuna-basvuru-yuzde-100-artti.jpeg\" \/>\n\t<meta property=\"og:image:width\" content=\"720\" \/>\n\t<meta property=\"og:image:height\" content=\"501\" \/>\n\t<meta property=\"og:image:type\" content=\"image\/jpeg\" \/>\n<meta name=\"author\" content=\"Eyl\u00fcl G\u00f6rm\u00fc\u015f\" \/>\n<meta name=\"twitter:card\" content=\"summary_large_image\" \/>\n<meta name=\"twitter:creator\" content=\"@ISTAtahkim\" \/>\n<meta name=\"twitter:site\" content=\"@ISTAtahkim\" \/>\n<meta name=\"twitter:label1\" content=\"Written by\" \/>\n\t<meta name=\"twitter:data1\" content=\"Eyl\u00fcl G\u00f6rm\u00fc\u015f\" \/>\n\t<meta name=\"twitter:label2\" content=\"Est. reading time\" \/>\n\t<meta name=\"twitter:data2\" content=\"1 minute\" \/>\n<script type=\"application\/ld+json\" class=\"yoast-schema-graph\">{\"@context\":\"https:\/\/schema.org\",\"@graph\":[{\"@type\":\"Article\",\"@id\":\"https:\/\/ista.org.tr\/blog\/haberler\/sigorta-tahkim-komisyonuna-basvuru-yuzde-100-artti\/#article\",\"isPartOf\":{\"@id\":\"https:\/\/ista.org.tr\/blog\/haberler\/sigorta-tahkim-komisyonuna-basvuru-yuzde-100-artti\/\"},\"author\":{\"name\":\"Eyl\u00fcl G\u00f6rm\u00fc\u015f\",\"@id\":\"https:\/\/ista.org.tr\/#\/schema\/person\/f46bf0e6c7fa248b7fbfb5276ea6e634\"},\"headline\":\"Sigorta Tahkim Komisyonu&#8217;na ba\u015fvuru y\u00fczde 100 artt\u0131\",\"datePublished\":\"2018-07-05T19:49:15+00:00\",\"dateModified\":\"2020-06-01T19:51:30+00:00\",\"mainEntityOfPage\":{\"@id\":\"https:\/\/ista.org.tr\/blog\/haberler\/sigorta-tahkim-komisyonuna-basvuru-yuzde-100-artti\/\"},\"wordCount\":170,\"commentCount\":0,\"publisher\":{\"@id\":\"https:\/\/ista.org.tr\/#organization\"},\"keywords\":[\"Sigorta Sekt\u00f6r\u00fc\",\"Sigorta Tahkim Komisyonu (STK)\",\"Tahkim Verileri\"],\"articleSection\":[\"Haberler\",\"Tahkim D\u00fczenlemeleri\"],\"inLanguage\":\"en-US\",\"potentialAction\":[{\"@type\":\"CommentAction\",\"name\":\"Comment\",\"target\":[\"https:\/\/ista.org.tr\/blog\/haberler\/sigorta-tahkim-komisyonuna-basvuru-yuzde-100-artti\/#respond\"]}]},{\"@type\":\"WebPage\",\"@id\":\"https:\/\/ista.org.tr\/blog\/haberler\/sigorta-tahkim-komisyonuna-basvuru-yuzde-100-artti\/\",\"url\":\"https:\/\/ista.org.tr\/blog\/haberler\/sigorta-tahkim-komisyonuna-basvuru-yuzde-100-artti\/\",\"name\":\"Sigorta Tahkim Komisyonu'na ba\u015fvuru y\u00fczde 100 artt\u0131 | \u0130STA\",\"isPartOf\":{\"@id\":\"https:\/\/ista.org.tr\/#website\"},\"datePublished\":\"2018-07-05T19:49:15+00:00\",\"dateModified\":\"2020-06-01T19:51:30+00:00\",\"description\":\"\u0130STA taraf\u0131ndan yay\u0131nlanan Sigorta Tahkim Komisyonu'na ba\u015fvuru y\u00fczde 100 artt\u0131 konulu yaz\u0131y\u0131 incelemek i\u00e7in sitemizi ziyaret edin.\",\"breadcrumb\":{\"@id\":\"https:\/\/ista.org.tr\/blog\/haberler\/sigorta-tahkim-komisyonuna-basvuru-yuzde-100-artti\/#breadcrumb\"},\"inLanguage\":\"en-US\",\"potentialAction\":[{\"@type\":\"ReadAction\",\"target\":[\"https:\/\/ista.org.tr\/blog\/haberler\/sigorta-tahkim-komisyonuna-basvuru-yuzde-100-artti\/\"]}]},{\"@type\":\"BreadcrumbList\",\"@id\":\"https:\/\/ista.org.tr\/blog\/haberler\/sigorta-tahkim-komisyonuna-basvuru-yuzde-100-artti\/#breadcrumb\",\"itemListElement\":[{\"@type\":\"ListItem\",\"position\":1,\"name\":\"Ana sayfa\",\"item\":\"https:\/\/ista.org.tr\/\"},{\"@type\":\"ListItem\",\"position\":2,\"name\":\"Sigorta Tahkim Komisyonu&#8217;na ba\u015fvuru y\u00fczde 100 artt\u0131\"}]},{\"@type\":\"WebSite\",\"@id\":\"https:\/\/ista.org.tr\/#website\",\"url\":\"https:\/\/ista.org.tr\/\",\"name\":\"\u0130STA\",\"description\":\"\u0130stanbul Tahkim Derne\u011fi\",\"publisher\":{\"@id\":\"https:\/\/ista.org.tr\/#organization\"},\"potentialAction\":[{\"@type\":\"SearchAction\",\"target\":{\"@type\":\"EntryPoint\",\"urlTemplate\":\"https:\/\/ista.org.tr\/?s={search_term_string}\"},\"query-input\":\"required name=search_term_string\"}],\"inLanguage\":\"en-US\"},{\"@type\":\"Organization\",\"@id\":\"https:\/\/ista.org.tr\/#organization\",\"name\":\"\u0130stanbul Tahkim Derne\u011fi\",\"url\":\"https:\/\/ista.org.tr\/\",\"logo\":{\"@type\":\"ImageObject\",\"inLanguage\":\"en-US\",\"@id\":\"https:\/\/ista.org.tr\/#\/schema\/logo\/image\/\",\"url\":\"https:\/\/ista.org.tr\/wp-content\/uploads\/2019\/12\/ista-logo.png\",\"contentUrl\":\"https:\/\/ista.org.tr\/wp-content\/uploads\/2019\/12\/ista-logo.png\",\"width\":400,\"height\":400,\"caption\":\"\u0130stanbul Tahkim Derne\u011fi\"},\"image\":{\"@id\":\"https:\/\/ista.org.tr\/#\/schema\/logo\/image\/\"},\"sameAs\":[\"https:\/\/www.youtube.com\/channel\/UCZeVp4QaClBT9w13rtPk44Q\/videos\",\"https:\/\/www.facebook.com\/istatahkim\/\",\"https:\/\/twitter.com\/ISTAtahkim\"]},{\"@type\":\"Person\",\"@id\":\"https:\/\/ista.org.tr\/#\/schema\/person\/f46bf0e6c7fa248b7fbfb5276ea6e634\",\"name\":\"Eyl\u00fcl G\u00f6rm\u00fc\u015f\",\"image\":{\"@type\":\"ImageObject\",\"inLanguage\":\"en-US\",\"@id\":\"https:\/\/ista.org.tr\/#\/schema\/person\/image\/\",\"url\":\"https:\/\/secure.gravatar.com\/avatar\/df97169739e0f4433bb404f0975f5761?s=96&d=mm&r=g\",\"contentUrl\":\"https:\/\/secure.gravatar.com\/avatar\/df97169739e0f4433bb404f0975f5761?s=96&d=mm&r=g\",\"caption\":\"Eyl\u00fcl G\u00f6rm\u00fc\u015f\"},\"sameAs\":[\"https:\/\/yakinda.org\"]}]}<\/script>\n<!-- \/ Yoast SEO plugin. -->","yoast_head_json":{"title":"Sigorta Tahkim Komisyonu'na ba\u015fvuru y\u00fczde 100 artt\u0131 | \u0130STA","description":"\u0130STA taraf\u0131ndan yay\u0131nlanan Sigorta Tahkim Komisyonu'na ba\u015fvuru y\u00fczde 100 artt\u0131 konulu yaz\u0131y\u0131 incelemek i\u00e7in sitemizi ziyaret edin.","robots":{"index":"index","follow":"follow","max-snippet":"max-snippet:-1","max-image-preview":"max-image-preview:large","max-video-preview":"max-video-preview:-1"},"canonical":"https:\/\/ista.org.tr\/blog\/haberler\/sigorta-tahkim-komisyonuna-basvuru-yuzde-100-artti\/","og_locale":"en_US","og_type":"article","og_title":"Sigorta Tahkim Komisyonu'na ba\u015fvuru y\u00fczde 100 artt\u0131 | \u0130STA","og_description":"\u0130STA taraf\u0131ndan yay\u0131nlanan Sigorta Tahkim Komisyonu'na ba\u015fvuru y\u00fczde 100 artt\u0131 konulu yaz\u0131y\u0131 incelemek i\u00e7in sitemizi ziyaret edin.","og_url":"https:\/\/ista.org.tr\/blog\/haberler\/sigorta-tahkim-komisyonuna-basvuru-yuzde-100-artti\/","og_site_name":"\u0130STA","article_publisher":"https:\/\/www.facebook.com\/istatahkim\/","article_published_time":"2018-07-05T19:49:15+00:00","article_modified_time":"2020-06-01T19:51:30+00:00","og_image":[{"width":720,"height":501,"url":"https:\/\/ista.org.tr\/wp-content\/uploads\/2020\/06\/sigorta-tahkim-komisyonuna-basvuru-yuzde-100-artti.jpeg","type":"image\/jpeg"}],"author":"Eyl\u00fcl G\u00f6rm\u00fc\u015f","twitter_card":"summary_large_image","twitter_creator":"@ISTAtahkim","twitter_site":"@ISTAtahkim","twitter_misc":{"Written by":"Eyl\u00fcl G\u00f6rm\u00fc\u015f","Est. reading time":"1 minute"},"schema":{"@context":"https:\/\/schema.org","@graph":[{"@type":"Article","@id":"https:\/\/ista.org.tr\/blog\/haberler\/sigorta-tahkim-komisyonuna-basvuru-yuzde-100-artti\/#article","isPartOf":{"@id":"https:\/\/ista.org.tr\/blog\/haberler\/sigorta-tahkim-komisyonuna-basvuru-yuzde-100-artti\/"},"author":{"name":"Eyl\u00fcl G\u00f6rm\u00fc\u015f","@id":"https:\/\/ista.org.tr\/#\/schema\/person\/f46bf0e6c7fa248b7fbfb5276ea6e634"},"headline":"Sigorta Tahkim Komisyonu&#8217;na ba\u015fvuru y\u00fczde 100 artt\u0131","datePublished":"2018-07-05T19:49:15+00:00","dateModified":"2020-06-01T19:51:30+00:00","mainEntityOfPage":{"@id":"https:\/\/ista.org.tr\/blog\/haberler\/sigorta-tahkim-komisyonuna-basvuru-yuzde-100-artti\/"},"wordCount":170,"commentCount":0,"publisher":{"@id":"https:\/\/ista.org.tr\/#organization"},"keywords":["Sigorta Sekt\u00f6r\u00fc","Sigorta Tahkim Komisyonu (STK)","Tahkim Verileri"],"articleSection":["Haberler","Tahkim D\u00fczenlemeleri"],"inLanguage":"en-US","potentialAction":[{"@type":"CommentAction","name":"Comment","target":["https:\/\/ista.org.tr\/blog\/haberler\/sigorta-tahkim-komisyonuna-basvuru-yuzde-100-artti\/#respond"]}]},{"@type":"WebPage","@id":"https:\/\/ista.org.tr\/blog\/haberler\/sigorta-tahkim-komisyonuna-basvuru-yuzde-100-artti\/","url":"https:\/\/ista.org.tr\/blog\/haberler\/sigorta-tahkim-komisyonuna-basvuru-yuzde-100-artti\/","name":"Sigorta Tahkim Komisyonu'na ba\u015fvuru y\u00fczde 100 artt\u0131 | \u0130STA","isPartOf":{"@id":"https:\/\/ista.org.tr\/#website"},"datePublished":"2018-07-05T19:49:15+00:00","dateModified":"2020-06-01T19:51:30+00:00","description":"\u0130STA taraf\u0131ndan yay\u0131nlanan Sigorta Tahkim Komisyonu'na ba\u015fvuru y\u00fczde 100 artt\u0131 konulu yaz\u0131y\u0131 incelemek i\u00e7in sitemizi ziyaret edin.","breadcrumb":{"@id":"https:\/\/ista.org.tr\/blog\/haberler\/sigorta-tahkim-komisyonuna-basvuru-yuzde-100-artti\/#breadcrumb"},"inLanguage":"en-US","potentialAction":[{"@type":"ReadAction","target":["https:\/\/ista.org.tr\/blog\/haberler\/sigorta-tahkim-komisyonuna-basvuru-yuzde-100-artti\/"]}]},{"@type":"BreadcrumbList","@id":"https:\/\/ista.org.tr\/blog\/haberler\/sigorta-tahkim-komisyonuna-basvuru-yuzde-100-artti\/#breadcrumb","itemListElement":[{"@type":"ListItem","position":1,"name":"Ana sayfa","item":"https:\/\/ista.org.tr\/"},{"@type":"ListItem","position":2,"name":"Sigorta Tahkim Komisyonu&#8217;na ba\u015fvuru y\u00fczde 100 artt\u0131"}]},{"@type":"WebSite","@id":"https:\/\/ista.org.tr\/#website","url":"https:\/\/ista.org.tr\/","name":"\u0130STA","description":"\u0130stanbul Tahkim Derne\u011fi","publisher":{"@id":"https:\/\/ista.org.tr\/#organization"},"potentialAction":[{"@type":"SearchAction","target":{"@type":"EntryPoint","urlTemplate":"https:\/\/ista.org.tr\/?s={search_term_string}"},"query-input":"required name=search_term_string"}],"inLanguage":"en-US"},{"@type":"Organization","@id":"https:\/\/ista.org.tr\/#organization","name":"\u0130stanbul Tahkim Derne\u011fi","url":"https:\/\/ista.org.tr\/","logo":{"@type":"ImageObject","inLanguage":"en-US","@id":"https:\/\/ista.org.tr\/#\/schema\/logo\/image\/","url":"https:\/\/ista.org.tr\/wp-content\/uploads\/2019\/12\/ista-logo.png","contentUrl":"https:\/\/ista.org.tr\/wp-content\/uploads\/2019\/12\/ista-logo.png","width":400,"height":400,"caption":"\u0130stanbul Tahkim Derne\u011fi"},"image":{"@id":"https:\/\/ista.org.tr\/#\/schema\/logo\/image\/"},"sameAs":["https:\/\/www.youtube.com\/channel\/UCZeVp4QaClBT9w13rtPk44Q\/videos","https:\/\/www.facebook.com\/istatahkim\/","https:\/\/twitter.com\/ISTAtahkim"]},{"@type":"Person","@id":"https:\/\/ista.org.tr\/#\/schema\/person\/f46bf0e6c7fa248b7fbfb5276ea6e634","name":"Eyl\u00fcl G\u00f6rm\u00fc\u015f","image":{"@type":"ImageObject","inLanguage":"en-US","@id":"https:\/\/ista.org.tr\/#\/schema\/person\/image\/","url":"https:\/\/secure.gravatar.com\/avatar\/df97169739e0f4433bb404f0975f5761?s=96&d=mm&r=g","contentUrl":"https:\/\/secure.gravatar.com\/avatar\/df97169739e0f4433bb404f0975f5761?s=96&d=mm&r=g","caption":"Eyl\u00fcl G\u00f6rm\u00fc\u015f"},"sameAs":["https:\/\/yakinda.org"]}]}},"_links":{"self":[{"href":"https:\/\/ista.org.tr\/en\/wp-json\/wp\/v2\/posts\/742"}],"collection":[{"href":"https:\/\/ista.org.tr\/en\/wp-json\/wp\/v2\/posts"}],"about":[{"href":"https:\/\/ista.org.tr\/en\/wp-json\/wp\/v2\/types\/post"}],"author":[{"embeddable":true,"href":"https:\/\/ista.org.tr\/en\/wp-json\/wp\/v2\/users\/1"}],"replies":[{"embeddable":true,"href":"https:\/\/ista.org.tr\/en\/wp-json\/wp\/v2\/comments?post=742"}],"version-history":[{"count":2,"href":"https:\/\/ista.org.tr\/en\/wp-json\/wp\/v2\/posts\/742\/revisions"}],"predecessor-version":[{"id":745,"href":"https:\/\/ista.org.tr\/en\/wp-json\/wp\/v2\/posts\/742\/revisions\/745"}],"wp:featuredmedia":[{"embeddable":true,"href":"https:\/\/ista.org.tr\/en\/wp-json\/wp\/v2\/media\/744"}],"wp:attachment":[{"href":"https:\/\/ista.org.tr\/en\/wp-json\/wp\/v2\/media?parent=742"}],"wp:term":[{"taxonomy":"category","embeddable":true,"href":"https:\/\/ista.org.tr\/en\/wp-json\/wp\/v2\/categories?post=742"},{"taxonomy":"post_tag","embeddable":true,"href":"https:\/\/ista.org.tr\/en\/wp-json\/wp\/v2\/tags?post=742"}],"curies":[{"name":"wp","href":"https:\/\/api.w.org\/{rel}","templated":true}]}}