{"id":845,"date":"2019-02-27T12:35:35","date_gmt":"2019-02-27T09:35:35","guid":{"rendered":"http:\/\/ista.org.tr\/haberler\/805-sayili-kanun-tahkim-dilinin-turkce-olmasi-zorunlulugu-karar-incelemesi-copy\/"},"modified":"2020-06-02T12:37:10","modified_gmt":"2020-06-02T09:37:10","slug":"tobb-baskani-hisarciklioglundan-arabulucu-talebi","status":"publish","type":"post","link":"https:\/\/ista.org.tr\/en\/blog\/haberler\/tobb-baskani-hisarciklioglundan-arabulucu-talebi\/","title":{"rendered":"TOBB Ba\u015fkan\u0131 Hisarc\u0131kl\u0131o\u011flu&#8217;ndan arabulucu talebi"},"content":{"rendered":"<p>Adalet Bakanl\u0131\u011f\u0131n\u0131n \u00e7al\u0131\u015fma ve destekleriyle tahkim ve arabuluculuk gibi yarg\u0131daki i\u015f y\u00fck\u00fcn\u00fc azaltacak y\u00f6ntemlerin T\u00fcrkiye&#8217;de de devreye girmeye ba\u015flad\u0131\u011f\u0131n\u0131 dile getiren Hisarc\u0131kl\u0131o\u011flu, i\u015f d\u00fcnyas\u0131n\u0131n da uzun y\u0131llard\u0131r bekledi\u011fi bu ad\u0131mlar\u0131n adaletin zaman\u0131nda ve do\u011fru tecelli etmesini sa\u011flayacak y\u00f6ntemler oldu\u011funu bildirdi.Hisarc\u0131kl\u0131o\u011flu, ticari uyu\u015fmazl\u0131klarda zorunlu hale getirilen arabuluculuk sisteminin \u00fclke genelinde ve i\u015f d\u00fcnyas\u0131nda yayg\u0131nla\u015fmas\u0131 i\u00e7in gayret sarf ettiklerini, bu kapsamda 81 ildeki odalar\u0131n &#8220;tahkim ve arabuluculuk merkezleri&#8221; a\u00e7maya ba\u015flad\u0131klar\u0131n\u0131 dile getirdi.<\/p>\n<div>Yaz\u0131n\u0131n tamam\u0131 i\u00e7in: H\u00fcrriyet<\/div>\n<div><a href=\"http:\/\/www.hurriyet.com.tr\/ekonomi\/tobb-baskani-hisarciklioglundan-arabulucu-talebi-41131610\" target=\"_blank\" rel=\"noopener noreferrer\">http:\/\/www.hurriyet.com.tr\/ekonomi\/tobb-baskani-hisarciklioglundan-arabulucu-talebi-41131610<\/a><\/div>\n","protected":false},"excerpt":{"rendered":"<p>Adalet Bakanl\u0131\u011f\u0131n\u0131n \u00e7al\u0131\u015fma ve destekleriyle tahkim ve arabuluculuk gibi yarg\u0131daki i\u015f y\u00fck\u00fcn\u00fc azaltacak y\u00f6ntemlerin T\u00fcrkiye&#8217;de&#8230;<\/p>\n","protected":false},"author":1,"featured_media":847,"comment_status":"open","ping_status":"open","sticky":false,"template":"","format":"standard","meta":{"_mi_skip_tracking":false},"categories":[4,20],"tags":[],"yoast_head":"<!-- This site is optimized with the Yoast SEO plugin v19.14 - https:\/\/yoast.com\/wordpress\/plugins\/seo\/ -->\n<title>TOBB Ba\u015fkan\u0131 Hisarc\u0131kl\u0131o\u011flu&#039;ndan arabulucu talebi | \u0130STA<\/title>\n<meta name=\"description\" content=\"\u0130STA taraf\u0131ndan yay\u0131nlanan TOBB Ba\u015fkan\u0131 Hisarc\u0131kl\u0131o\u011flu&#039;ndan arabulucu talebi konulu yaz\u0131y\u0131 incelemek i\u00e7in sitemizi ziyaret edin.\" \/>\n<meta name=\"robots\" content=\"index, follow, max-snippet:-1, max-image-preview:large, max-video-preview:-1\" \/>\n<link rel=\"canonical\" href=\"https:\/\/ista.org.tr\/blog\/haberler\/tobb-baskani-hisarciklioglundan-arabulucu-talebi\/\" \/>\n<meta property=\"og:locale\" content=\"en_US\" \/>\n<meta property=\"og:type\" content=\"article\" \/>\n<meta property=\"og:title\" content=\"TOBB Ba\u015fkan\u0131 Hisarc\u0131kl\u0131o\u011flu&#039;ndan arabulucu talebi | \u0130STA\" \/>\n<meta property=\"og:description\" content=\"\u0130STA taraf\u0131ndan yay\u0131nlanan TOBB Ba\u015fkan\u0131 Hisarc\u0131kl\u0131o\u011flu&#039;ndan arabulucu talebi konulu yaz\u0131y\u0131 incelemek i\u00e7in sitemizi ziyaret edin.\" \/>\n<meta property=\"og:url\" content=\"https:\/\/ista.org.tr\/blog\/haberler\/tobb-baskani-hisarciklioglundan-arabulucu-talebi\/\" \/>\n<meta property=\"og:site_name\" content=\"\u0130STA\" \/>\n<meta property=\"article:publisher\" content=\"https:\/\/www.facebook.com\/istatahkim\/\" \/>\n<meta property=\"article:published_time\" content=\"2019-02-27T09:35:35+00:00\" \/>\n<meta property=\"article:modified_time\" content=\"2020-06-02T09:37:10+00:00\" \/>\n<meta property=\"og:image\" content=\"https:\/\/ista.org.tr\/wp-content\/uploads\/2020\/06\/1584430622087-rifat.jpg\" \/>\n\t<meta property=\"og:image:width\" content=\"1600\" \/>\n\t<meta property=\"og:image:height\" content=\"900\" \/>\n\t<meta property=\"og:image:type\" content=\"image\/jpeg\" \/>\n<meta name=\"author\" content=\"Eyl\u00fcl G\u00f6rm\u00fc\u015f\" \/>\n<meta name=\"twitter:card\" content=\"summary_large_image\" \/>\n<meta name=\"twitter:creator\" content=\"@ISTAtahkim\" \/>\n<meta name=\"twitter:site\" content=\"@ISTAtahkim\" \/>\n<meta name=\"twitter:label1\" content=\"Written by\" \/>\n\t<meta name=\"twitter:data1\" content=\"Eyl\u00fcl G\u00f6rm\u00fc\u015f\" \/>\n\t<meta name=\"twitter:label2\" content=\"Est. reading time\" \/>\n\t<meta name=\"twitter:data2\" content=\"1 minute\" \/>\n<script type=\"application\/ld+json\" class=\"yoast-schema-graph\">{\"@context\":\"https:\/\/schema.org\",\"@graph\":[{\"@type\":\"Article\",\"@id\":\"https:\/\/ista.org.tr\/blog\/haberler\/tobb-baskani-hisarciklioglundan-arabulucu-talebi\/#article\",\"isPartOf\":{\"@id\":\"https:\/\/ista.org.tr\/blog\/haberler\/tobb-baskani-hisarciklioglundan-arabulucu-talebi\/\"},\"author\":{\"name\":\"Eyl\u00fcl G\u00f6rm\u00fc\u015f\",\"@id\":\"https:\/\/ista.org.tr\/#\/schema\/person\/f46bf0e6c7fa248b7fbfb5276ea6e634\"},\"headline\":\"TOBB Ba\u015fkan\u0131 Hisarc\u0131kl\u0131o\u011flu&#8217;ndan arabulucu talebi\",\"datePublished\":\"2019-02-27T09:35:35+00:00\",\"dateModified\":\"2020-06-02T09:37:10+00:00\",\"mainEntityOfPage\":{\"@id\":\"https:\/\/ista.org.tr\/blog\/haberler\/tobb-baskani-hisarciklioglundan-arabulucu-talebi\/\"},\"wordCount\":135,\"commentCount\":0,\"publisher\":{\"@id\":\"https:\/\/ista.org.tr\/#organization\"},\"articleSection\":[\"Haberler\",\"Tahkim D\u00fczenlemeleri\"],\"inLanguage\":\"en-US\",\"potentialAction\":[{\"@type\":\"CommentAction\",\"name\":\"Comment\",\"target\":[\"https:\/\/ista.org.tr\/blog\/haberler\/tobb-baskani-hisarciklioglundan-arabulucu-talebi\/#respond\"]}]},{\"@type\":\"WebPage\",\"@id\":\"https:\/\/ista.org.tr\/blog\/haberler\/tobb-baskani-hisarciklioglundan-arabulucu-talebi\/\",\"url\":\"https:\/\/ista.org.tr\/blog\/haberler\/tobb-baskani-hisarciklioglundan-arabulucu-talebi\/\",\"name\":\"TOBB Ba\u015fkan\u0131 Hisarc\u0131kl\u0131o\u011flu'ndan arabulucu talebi | \u0130STA\",\"isPartOf\":{\"@id\":\"https:\/\/ista.org.tr\/#website\"},\"datePublished\":\"2019-02-27T09:35:35+00:00\",\"dateModified\":\"2020-06-02T09:37:10+00:00\",\"description\":\"\u0130STA taraf\u0131ndan yay\u0131nlanan TOBB Ba\u015fkan\u0131 Hisarc\u0131kl\u0131o\u011flu'ndan arabulucu talebi konulu yaz\u0131y\u0131 incelemek i\u00e7in sitemizi ziyaret edin.\",\"breadcrumb\":{\"@id\":\"https:\/\/ista.org.tr\/blog\/haberler\/tobb-baskani-hisarciklioglundan-arabulucu-talebi\/#breadcrumb\"},\"inLanguage\":\"en-US\",\"potentialAction\":[{\"@type\":\"ReadAction\",\"target\":[\"https:\/\/ista.org.tr\/blog\/haberler\/tobb-baskani-hisarciklioglundan-arabulucu-talebi\/\"]}]},{\"@type\":\"BreadcrumbList\",\"@id\":\"https:\/\/ista.org.tr\/blog\/haberler\/tobb-baskani-hisarciklioglundan-arabulucu-talebi\/#breadcrumb\",\"itemListElement\":[{\"@type\":\"ListItem\",\"position\":1,\"name\":\"Ana sayfa\",\"item\":\"https:\/\/ista.org.tr\/\"},{\"@type\":\"ListItem\",\"position\":2,\"name\":\"TOBB Ba\u015fkan\u0131 Hisarc\u0131kl\u0131o\u011flu&#8217;ndan arabulucu talebi\"}]},{\"@type\":\"WebSite\",\"@id\":\"https:\/\/ista.org.tr\/#website\",\"url\":\"https:\/\/ista.org.tr\/\",\"name\":\"\u0130STA\",\"description\":\"\u0130stanbul Tahkim Derne\u011fi\",\"publisher\":{\"@id\":\"https:\/\/ista.org.tr\/#organization\"},\"potentialAction\":[{\"@type\":\"SearchAction\",\"target\":{\"@type\":\"EntryPoint\",\"urlTemplate\":\"https:\/\/ista.org.tr\/?s={search_term_string}\"},\"query-input\":\"required name=search_term_string\"}],\"inLanguage\":\"en-US\"},{\"@type\":\"Organization\",\"@id\":\"https:\/\/ista.org.tr\/#organization\",\"name\":\"\u0130stanbul Tahkim Derne\u011fi\",\"url\":\"https:\/\/ista.org.tr\/\",\"logo\":{\"@type\":\"ImageObject\",\"inLanguage\":\"en-US\",\"@id\":\"https:\/\/ista.org.tr\/#\/schema\/logo\/image\/\",\"url\":\"https:\/\/ista.org.tr\/wp-content\/uploads\/2019\/12\/ista-logo.png\",\"contentUrl\":\"https:\/\/ista.org.tr\/wp-content\/uploads\/2019\/12\/ista-logo.png\",\"width\":400,\"height\":400,\"caption\":\"\u0130stanbul Tahkim Derne\u011fi\"},\"image\":{\"@id\":\"https:\/\/ista.org.tr\/#\/schema\/logo\/image\/\"},\"sameAs\":[\"https:\/\/www.youtube.com\/channel\/UCZeVp4QaClBT9w13rtPk44Q\/videos\",\"https:\/\/www.facebook.com\/istatahkim\/\",\"https:\/\/twitter.com\/ISTAtahkim\"]},{\"@type\":\"Person\",\"@id\":\"https:\/\/ista.org.tr\/#\/schema\/person\/f46bf0e6c7fa248b7fbfb5276ea6e634\",\"name\":\"Eyl\u00fcl G\u00f6rm\u00fc\u015f\",\"image\":{\"@type\":\"ImageObject\",\"inLanguage\":\"en-US\",\"@id\":\"https:\/\/ista.org.tr\/#\/schema\/person\/image\/\",\"url\":\"https:\/\/secure.gravatar.com\/avatar\/df97169739e0f4433bb404f0975f5761?s=96&d=mm&r=g\",\"contentUrl\":\"https:\/\/secure.gravatar.com\/avatar\/df97169739e0f4433bb404f0975f5761?s=96&d=mm&r=g\",\"caption\":\"Eyl\u00fcl G\u00f6rm\u00fc\u015f\"},\"sameAs\":[\"https:\/\/yakinda.org\"]}]}<\/script>\n<!-- \/ Yoast SEO plugin. -->","yoast_head_json":{"title":"TOBB Ba\u015fkan\u0131 Hisarc\u0131kl\u0131o\u011flu'ndan arabulucu talebi | \u0130STA","description":"\u0130STA taraf\u0131ndan yay\u0131nlanan TOBB Ba\u015fkan\u0131 Hisarc\u0131kl\u0131o\u011flu'ndan arabulucu talebi konulu yaz\u0131y\u0131 incelemek i\u00e7in sitemizi ziyaret edin.","robots":{"index":"index","follow":"follow","max-snippet":"max-snippet:-1","max-image-preview":"max-image-preview:large","max-video-preview":"max-video-preview:-1"},"canonical":"https:\/\/ista.org.tr\/blog\/haberler\/tobb-baskani-hisarciklioglundan-arabulucu-talebi\/","og_locale":"en_US","og_type":"article","og_title":"TOBB Ba\u015fkan\u0131 Hisarc\u0131kl\u0131o\u011flu'ndan arabulucu talebi | \u0130STA","og_description":"\u0130STA taraf\u0131ndan yay\u0131nlanan TOBB Ba\u015fkan\u0131 Hisarc\u0131kl\u0131o\u011flu'ndan arabulucu talebi konulu yaz\u0131y\u0131 incelemek i\u00e7in sitemizi ziyaret edin.","og_url":"https:\/\/ista.org.tr\/blog\/haberler\/tobb-baskani-hisarciklioglundan-arabulucu-talebi\/","og_site_name":"\u0130STA","article_publisher":"https:\/\/www.facebook.com\/istatahkim\/","article_published_time":"2019-02-27T09:35:35+00:00","article_modified_time":"2020-06-02T09:37:10+00:00","og_image":[{"width":1600,"height":900,"url":"https:\/\/ista.org.tr\/wp-content\/uploads\/2020\/06\/1584430622087-rifat.jpg","type":"image\/jpeg"}],"author":"Eyl\u00fcl G\u00f6rm\u00fc\u015f","twitter_card":"summary_large_image","twitter_creator":"@ISTAtahkim","twitter_site":"@ISTAtahkim","twitter_misc":{"Written by":"Eyl\u00fcl G\u00f6rm\u00fc\u015f","Est. reading time":"1 minute"},"schema":{"@context":"https:\/\/schema.org","@graph":[{"@type":"Article","@id":"https:\/\/ista.org.tr\/blog\/haberler\/tobb-baskani-hisarciklioglundan-arabulucu-talebi\/#article","isPartOf":{"@id":"https:\/\/ista.org.tr\/blog\/haberler\/tobb-baskani-hisarciklioglundan-arabulucu-talebi\/"},"author":{"name":"Eyl\u00fcl G\u00f6rm\u00fc\u015f","@id":"https:\/\/ista.org.tr\/#\/schema\/person\/f46bf0e6c7fa248b7fbfb5276ea6e634"},"headline":"TOBB Ba\u015fkan\u0131 Hisarc\u0131kl\u0131o\u011flu&#8217;ndan arabulucu talebi","datePublished":"2019-02-27T09:35:35+00:00","dateModified":"2020-06-02T09:37:10+00:00","mainEntityOfPage":{"@id":"https:\/\/ista.org.tr\/blog\/haberler\/tobb-baskani-hisarciklioglundan-arabulucu-talebi\/"},"wordCount":135,"commentCount":0,"publisher":{"@id":"https:\/\/ista.org.tr\/#organization"},"articleSection":["Haberler","Tahkim D\u00fczenlemeleri"],"inLanguage":"en-US","potentialAction":[{"@type":"CommentAction","name":"Comment","target":["https:\/\/ista.org.tr\/blog\/haberler\/tobb-baskani-hisarciklioglundan-arabulucu-talebi\/#respond"]}]},{"@type":"WebPage","@id":"https:\/\/ista.org.tr\/blog\/haberler\/tobb-baskani-hisarciklioglundan-arabulucu-talebi\/","url":"https:\/\/ista.org.tr\/blog\/haberler\/tobb-baskani-hisarciklioglundan-arabulucu-talebi\/","name":"TOBB Ba\u015fkan\u0131 Hisarc\u0131kl\u0131o\u011flu'ndan arabulucu talebi | \u0130STA","isPartOf":{"@id":"https:\/\/ista.org.tr\/#website"},"datePublished":"2019-02-27T09:35:35+00:00","dateModified":"2020-06-02T09:37:10+00:00","description":"\u0130STA taraf\u0131ndan yay\u0131nlanan TOBB Ba\u015fkan\u0131 Hisarc\u0131kl\u0131o\u011flu'ndan arabulucu talebi konulu yaz\u0131y\u0131 incelemek i\u00e7in sitemizi ziyaret edin.","breadcrumb":{"@id":"https:\/\/ista.org.tr\/blog\/haberler\/tobb-baskani-hisarciklioglundan-arabulucu-talebi\/#breadcrumb"},"inLanguage":"en-US","potentialAction":[{"@type":"ReadAction","target":["https:\/\/ista.org.tr\/blog\/haberler\/tobb-baskani-hisarciklioglundan-arabulucu-talebi\/"]}]},{"@type":"BreadcrumbList","@id":"https:\/\/ista.org.tr\/blog\/haberler\/tobb-baskani-hisarciklioglundan-arabulucu-talebi\/#breadcrumb","itemListElement":[{"@type":"ListItem","position":1,"name":"Ana sayfa","item":"https:\/\/ista.org.tr\/"},{"@type":"ListItem","position":2,"name":"TOBB Ba\u015fkan\u0131 Hisarc\u0131kl\u0131o\u011flu&#8217;ndan arabulucu talebi"}]},{"@type":"WebSite","@id":"https:\/\/ista.org.tr\/#website","url":"https:\/\/ista.org.tr\/","name":"\u0130STA","description":"\u0130stanbul Tahkim Derne\u011fi","publisher":{"@id":"https:\/\/ista.org.tr\/#organization"},"potentialAction":[{"@type":"SearchAction","target":{"@type":"EntryPoint","urlTemplate":"https:\/\/ista.org.tr\/?s={search_term_string}"},"query-input":"required name=search_term_string"}],"inLanguage":"en-US"},{"@type":"Organization","@id":"https:\/\/ista.org.tr\/#organization","name":"\u0130stanbul Tahkim Derne\u011fi","url":"https:\/\/ista.org.tr\/","logo":{"@type":"ImageObject","inLanguage":"en-US","@id":"https:\/\/ista.org.tr\/#\/schema\/logo\/image\/","url":"https:\/\/ista.org.tr\/wp-content\/uploads\/2019\/12\/ista-logo.png","contentUrl":"https:\/\/ista.org.tr\/wp-content\/uploads\/2019\/12\/ista-logo.png","width":400,"height":400,"caption":"\u0130stanbul Tahkim Derne\u011fi"},"image":{"@id":"https:\/\/ista.org.tr\/#\/schema\/logo\/image\/"},"sameAs":["https:\/\/www.youtube.com\/channel\/UCZeVp4QaClBT9w13rtPk44Q\/videos","https:\/\/www.facebook.com\/istatahkim\/","https:\/\/twitter.com\/ISTAtahkim"]},{"@type":"Person","@id":"https:\/\/ista.org.tr\/#\/schema\/person\/f46bf0e6c7fa248b7fbfb5276ea6e634","name":"Eyl\u00fcl G\u00f6rm\u00fc\u015f","image":{"@type":"ImageObject","inLanguage":"en-US","@id":"https:\/\/ista.org.tr\/#\/schema\/person\/image\/","url":"https:\/\/secure.gravatar.com\/avatar\/df97169739e0f4433bb404f0975f5761?s=96&d=mm&r=g","contentUrl":"https:\/\/secure.gravatar.com\/avatar\/df97169739e0f4433bb404f0975f5761?s=96&d=mm&r=g","caption":"Eyl\u00fcl G\u00f6rm\u00fc\u015f"},"sameAs":["https:\/\/yakinda.org"]}]}},"_links":{"self":[{"href":"https:\/\/ista.org.tr\/en\/wp-json\/wp\/v2\/posts\/845"}],"collection":[{"href":"https:\/\/ista.org.tr\/en\/wp-json\/wp\/v2\/posts"}],"about":[{"href":"https:\/\/ista.org.tr\/en\/wp-json\/wp\/v2\/types\/post"}],"author":[{"embeddable":true,"href":"https:\/\/ista.org.tr\/en\/wp-json\/wp\/v2\/users\/1"}],"replies":[{"embeddable":true,"href":"https:\/\/ista.org.tr\/en\/wp-json\/wp\/v2\/comments?post=845"}],"version-history":[{"count":2,"href":"https:\/\/ista.org.tr\/en\/wp-json\/wp\/v2\/posts\/845\/revisions"}],"predecessor-version":[{"id":848,"href":"https:\/\/ista.org.tr\/en\/wp-json\/wp\/v2\/posts\/845\/revisions\/848"}],"wp:featuredmedia":[{"embeddable":true,"href":"https:\/\/ista.org.tr\/en\/wp-json\/wp\/v2\/media\/847"}],"wp:attachment":[{"href":"https:\/\/ista.org.tr\/en\/wp-json\/wp\/v2\/media?parent=845"}],"wp:term":[{"taxonomy":"category","embeddable":true,"href":"https:\/\/ista.org.tr\/en\/wp-json\/wp\/v2\/categories?post=845"},{"taxonomy":"post_tag","embeddable":true,"href":"https:\/\/ista.org.tr\/en\/wp-json\/wp\/v2\/tags?post=845"}],"curies":[{"name":"wp","href":"https:\/\/api.w.org\/{rel}","templated":true}]}}