{"id":867,"date":"2019-09-30T12:57:45","date_gmt":"2019-09-30T09:57:45","guid":{"rendered":"http:\/\/ista.org.tr\/haberler\/singapur-konvansiyonu-ve-etkileri-copy\/"},"modified":"2020-06-02T12:59:23","modified_gmt":"2020-06-02T09:59:23","slug":"tahkim-duzenlemelerinde-degisiklikler-2019","status":"publish","type":"post","link":"https:\/\/ista.org.tr\/en\/blog\/haberler\/tahkim-duzenlemelerinde-degisiklikler-2019\/","title":{"rendered":"Tahkim D\u00fczenlemelerinde De\u011fi\u015fiklikler 2019"},"content":{"rendered":"<p><b>Pekin Tahkim Komisyonu (BAC) Kurallar\u0131 ve \u00dccret Tarifesinde de\u011fi\u015fiklik yap\u0131ld\u0131<br \/>\n<\/b><\/p>\n<div>\n<p>Pekin Tahkim Komisyonu (BAC) tahkim kurallar\u0131n\u0131 ve \u00fccret tarifesini 1 Eyl\u00fcl 2019\u2019den itibaren ge\u00e7erli olacak \u015fekilde g\u00fcncelledi. G\u00fcncellemede \u00f6ncelikle g\u00f6ze \u00e7arpan de\u011fi\u015fiklikler \u015f\u00f6yle s\u0131ralan\u0131yor:<\/p>\n<ul>\n<li>\u2022 Kurumun pay\u0131 ile hakeme \u00f6denen \u00fccretin a\u00e7\u0131k bir \u015fekilde ayr\u0131lmas\u0131 sa\u011fland\u0131.<\/li>\n<li>\u2022 Hem milletleraras\u0131 hem de i\u00e7 tahkimde hakemlerin saatlik olarak \u00fccretlendirilmesi m\u00fcmk\u00fcn hale geldi.<\/li>\n<li>\u2022 \u00dc\u00e7 hakemli yarg\u0131lamalar i\u00e7in \u00fccret e\u015fi\u011finin y\u00fckseltildi.<\/li>\n<li>\u2022 Seri tahkim s\u00fcrecine daha a\u00e7\u0131k bir \u015fekilde yer verildi.<\/li>\n<\/ul>\n<p>BAC Kurallar\u0131\u2019na eri\u015fmek i\u00e7in\u00a0<a href=\"https:\/\/www.bjac.org.cn\/english\/page\/zc\/guifan2019.html\">t\u0131klay\u0131n\u0131z<\/a>. Konuya ili\u015fkin makaleyi okumak i\u00e7in\u00a0<a href=\"https:\/\/hsfnotes.com\/arbitration\/2019\/08\/22\/new-bac-rules-to-enter-into-force-on-1-september-2019\/\">t\u0131klay\u0131n\u0131z<\/a>.<\/p>\n<\/div>\n","protected":false},"excerpt":{"rendered":"<p>Pekin Tahkim Komisyonu (BAC) Kurallar\u0131 ve \u00dccret Tarifesinde de\u011fi\u015fiklik yap\u0131ld\u0131 Pekin Tahkim Komisyonu (BAC) tahkim&#8230;<\/p>\n","protected":false},"author":1,"featured_media":868,"comment_status":"open","ping_status":"open","sticky":false,"template":"","format":"standard","meta":{"_mi_skip_tracking":false},"categories":[4,108],"tags":[112,113,111,114],"yoast_head":"<!-- This site is optimized with the Yoast SEO plugin v19.14 - https:\/\/yoast.com\/wordpress\/plugins\/seo\/ -->\n<title>Tahkim D\u00fczenlemelerinde De\u011fi\u015fiklikler 2019 | \u0130STA<\/title>\n<meta name=\"description\" content=\"\u0130STA taraf\u0131ndan yay\u0131nlanan Tahkim D\u00fczenlemelerinde De\u011fi\u015fiklikler 2019 konulu yaz\u0131y\u0131 incelemek i\u00e7in sitemizi ziyaret edin.\" \/>\n<meta name=\"robots\" content=\"index, follow, max-snippet:-1, max-image-preview:large, max-video-preview:-1\" \/>\n<link rel=\"canonical\" href=\"https:\/\/ista.org.tr\/blog\/haberler\/tahkim-duzenlemelerinde-degisiklikler-2019\/\" \/>\n<meta property=\"og:locale\" content=\"en_US\" \/>\n<meta property=\"og:type\" content=\"article\" \/>\n<meta property=\"og:title\" content=\"Tahkim D\u00fczenlemelerinde De\u011fi\u015fiklikler 2019 | \u0130STA\" \/>\n<meta property=\"og:description\" content=\"\u0130STA taraf\u0131ndan yay\u0131nlanan Tahkim D\u00fczenlemelerinde De\u011fi\u015fiklikler 2019 konulu yaz\u0131y\u0131 incelemek i\u00e7in sitemizi ziyaret edin.\" \/>\n<meta property=\"og:url\" content=\"https:\/\/ista.org.tr\/blog\/haberler\/tahkim-duzenlemelerinde-degisiklikler-2019\/\" \/>\n<meta property=\"og:site_name\" content=\"\u0130STA\" \/>\n<meta property=\"article:publisher\" content=\"https:\/\/www.facebook.com\/istatahkim\/\" \/>\n<meta property=\"article:published_time\" content=\"2019-09-30T09:57:45+00:00\" \/>\n<meta property=\"article:modified_time\" content=\"2020-06-02T09:59:23+00:00\" \/>\n<meta property=\"og:image\" content=\"https:\/\/ista.org.tr\/wp-content\/uploads\/2020\/06\/tahkim-duzenlemelerinde-degisiklikler-2019.png\" \/>\n\t<meta property=\"og:image:width\" content=\"800\" \/>\n\t<meta property=\"og:image:height\" content=\"558\" \/>\n\t<meta property=\"og:image:type\" content=\"image\/png\" \/>\n<meta name=\"author\" content=\"Eyl\u00fcl G\u00f6rm\u00fc\u015f\" \/>\n<meta name=\"twitter:card\" content=\"summary_large_image\" \/>\n<meta name=\"twitter:creator\" content=\"@ISTAtahkim\" \/>\n<meta name=\"twitter:site\" content=\"@ISTAtahkim\" \/>\n<meta name=\"twitter:label1\" content=\"Written by\" \/>\n\t<meta name=\"twitter:data1\" content=\"Eyl\u00fcl G\u00f6rm\u00fc\u015f\" \/>\n\t<meta name=\"twitter:label2\" content=\"Est. reading time\" \/>\n\t<meta name=\"twitter:data2\" content=\"1 minute\" \/>\n<script type=\"application\/ld+json\" class=\"yoast-schema-graph\">{\"@context\":\"https:\/\/schema.org\",\"@graph\":[{\"@type\":\"Article\",\"@id\":\"https:\/\/ista.org.tr\/blog\/haberler\/tahkim-duzenlemelerinde-degisiklikler-2019\/#article\",\"isPartOf\":{\"@id\":\"https:\/\/ista.org.tr\/blog\/haberler\/tahkim-duzenlemelerinde-degisiklikler-2019\/\"},\"author\":{\"name\":\"Eyl\u00fcl G\u00f6rm\u00fc\u015f\",\"@id\":\"https:\/\/ista.org.tr\/#\/schema\/person\/f46bf0e6c7fa248b7fbfb5276ea6e634\"},\"headline\":\"Tahkim D\u00fczenlemelerinde De\u011fi\u015fiklikler 2019\",\"datePublished\":\"2019-09-30T09:57:45+00:00\",\"dateModified\":\"2020-06-02T09:59:23+00:00\",\"mainEntityOfPage\":{\"@id\":\"https:\/\/ista.org.tr\/blog\/haberler\/tahkim-duzenlemelerinde-degisiklikler-2019\/\"},\"wordCount\":125,\"commentCount\":0,\"publisher\":{\"@id\":\"https:\/\/ista.org.tr\/#organization\"},\"keywords\":[\"BAC\",\"\u00c7in\",\"Hindistan\",\"ICSID\"],\"articleSection\":[\"Haberler\",\"Milletleraras\u0131 Tahkim\"],\"inLanguage\":\"en-US\",\"potentialAction\":[{\"@type\":\"CommentAction\",\"name\":\"Comment\",\"target\":[\"https:\/\/ista.org.tr\/blog\/haberler\/tahkim-duzenlemelerinde-degisiklikler-2019\/#respond\"]}]},{\"@type\":\"WebPage\",\"@id\":\"https:\/\/ista.org.tr\/blog\/haberler\/tahkim-duzenlemelerinde-degisiklikler-2019\/\",\"url\":\"https:\/\/ista.org.tr\/blog\/haberler\/tahkim-duzenlemelerinde-degisiklikler-2019\/\",\"name\":\"Tahkim D\u00fczenlemelerinde De\u011fi\u015fiklikler 2019 | \u0130STA\",\"isPartOf\":{\"@id\":\"https:\/\/ista.org.tr\/#website\"},\"datePublished\":\"2019-09-30T09:57:45+00:00\",\"dateModified\":\"2020-06-02T09:59:23+00:00\",\"description\":\"\u0130STA taraf\u0131ndan yay\u0131nlanan Tahkim D\u00fczenlemelerinde De\u011fi\u015fiklikler 2019 konulu yaz\u0131y\u0131 incelemek i\u00e7in sitemizi ziyaret edin.\",\"breadcrumb\":{\"@id\":\"https:\/\/ista.org.tr\/blog\/haberler\/tahkim-duzenlemelerinde-degisiklikler-2019\/#breadcrumb\"},\"inLanguage\":\"en-US\",\"potentialAction\":[{\"@type\":\"ReadAction\",\"target\":[\"https:\/\/ista.org.tr\/blog\/haberler\/tahkim-duzenlemelerinde-degisiklikler-2019\/\"]}]},{\"@type\":\"BreadcrumbList\",\"@id\":\"https:\/\/ista.org.tr\/blog\/haberler\/tahkim-duzenlemelerinde-degisiklikler-2019\/#breadcrumb\",\"itemListElement\":[{\"@type\":\"ListItem\",\"position\":1,\"name\":\"Ana sayfa\",\"item\":\"https:\/\/ista.org.tr\/\"},{\"@type\":\"ListItem\",\"position\":2,\"name\":\"Tahkim D\u00fczenlemelerinde De\u011fi\u015fiklikler 2019\"}]},{\"@type\":\"WebSite\",\"@id\":\"https:\/\/ista.org.tr\/#website\",\"url\":\"https:\/\/ista.org.tr\/\",\"name\":\"\u0130STA\",\"description\":\"\u0130stanbul Tahkim Derne\u011fi\",\"publisher\":{\"@id\":\"https:\/\/ista.org.tr\/#organization\"},\"potentialAction\":[{\"@type\":\"SearchAction\",\"target\":{\"@type\":\"EntryPoint\",\"urlTemplate\":\"https:\/\/ista.org.tr\/?s={search_term_string}\"},\"query-input\":\"required name=search_term_string\"}],\"inLanguage\":\"en-US\"},{\"@type\":\"Organization\",\"@id\":\"https:\/\/ista.org.tr\/#organization\",\"name\":\"\u0130stanbul Tahkim Derne\u011fi\",\"url\":\"https:\/\/ista.org.tr\/\",\"logo\":{\"@type\":\"ImageObject\",\"inLanguage\":\"en-US\",\"@id\":\"https:\/\/ista.org.tr\/#\/schema\/logo\/image\/\",\"url\":\"https:\/\/ista.org.tr\/wp-content\/uploads\/2019\/12\/ista-logo.png\",\"contentUrl\":\"https:\/\/ista.org.tr\/wp-content\/uploads\/2019\/12\/ista-logo.png\",\"width\":400,\"height\":400,\"caption\":\"\u0130stanbul Tahkim Derne\u011fi\"},\"image\":{\"@id\":\"https:\/\/ista.org.tr\/#\/schema\/logo\/image\/\"},\"sameAs\":[\"https:\/\/www.youtube.com\/channel\/UCZeVp4QaClBT9w13rtPk44Q\/videos\",\"https:\/\/www.facebook.com\/istatahkim\/\",\"https:\/\/twitter.com\/ISTAtahkim\"]},{\"@type\":\"Person\",\"@id\":\"https:\/\/ista.org.tr\/#\/schema\/person\/f46bf0e6c7fa248b7fbfb5276ea6e634\",\"name\":\"Eyl\u00fcl G\u00f6rm\u00fc\u015f\",\"image\":{\"@type\":\"ImageObject\",\"inLanguage\":\"en-US\",\"@id\":\"https:\/\/ista.org.tr\/#\/schema\/person\/image\/\",\"url\":\"https:\/\/secure.gravatar.com\/avatar\/df97169739e0f4433bb404f0975f5761?s=96&d=mm&r=g\",\"contentUrl\":\"https:\/\/secure.gravatar.com\/avatar\/df97169739e0f4433bb404f0975f5761?s=96&d=mm&r=g\",\"caption\":\"Eyl\u00fcl G\u00f6rm\u00fc\u015f\"},\"sameAs\":[\"https:\/\/yakinda.org\"]}]}<\/script>\n<!-- \/ Yoast SEO plugin. -->","yoast_head_json":{"title":"Tahkim D\u00fczenlemelerinde De\u011fi\u015fiklikler 2019 | \u0130STA","description":"\u0130STA taraf\u0131ndan yay\u0131nlanan Tahkim D\u00fczenlemelerinde De\u011fi\u015fiklikler 2019 konulu yaz\u0131y\u0131 incelemek i\u00e7in sitemizi ziyaret edin.","robots":{"index":"index","follow":"follow","max-snippet":"max-snippet:-1","max-image-preview":"max-image-preview:large","max-video-preview":"max-video-preview:-1"},"canonical":"https:\/\/ista.org.tr\/blog\/haberler\/tahkim-duzenlemelerinde-degisiklikler-2019\/","og_locale":"en_US","og_type":"article","og_title":"Tahkim D\u00fczenlemelerinde De\u011fi\u015fiklikler 2019 | \u0130STA","og_description":"\u0130STA taraf\u0131ndan yay\u0131nlanan Tahkim D\u00fczenlemelerinde De\u011fi\u015fiklikler 2019 konulu yaz\u0131y\u0131 incelemek i\u00e7in sitemizi ziyaret edin.","og_url":"https:\/\/ista.org.tr\/blog\/haberler\/tahkim-duzenlemelerinde-degisiklikler-2019\/","og_site_name":"\u0130STA","article_publisher":"https:\/\/www.facebook.com\/istatahkim\/","article_published_time":"2019-09-30T09:57:45+00:00","article_modified_time":"2020-06-02T09:59:23+00:00","og_image":[{"width":800,"height":558,"url":"https:\/\/ista.org.tr\/wp-content\/uploads\/2020\/06\/tahkim-duzenlemelerinde-degisiklikler-2019.png","type":"image\/png"}],"author":"Eyl\u00fcl G\u00f6rm\u00fc\u015f","twitter_card":"summary_large_image","twitter_creator":"@ISTAtahkim","twitter_site":"@ISTAtahkim","twitter_misc":{"Written by":"Eyl\u00fcl G\u00f6rm\u00fc\u015f","Est. reading time":"1 minute"},"schema":{"@context":"https:\/\/schema.org","@graph":[{"@type":"Article","@id":"https:\/\/ista.org.tr\/blog\/haberler\/tahkim-duzenlemelerinde-degisiklikler-2019\/#article","isPartOf":{"@id":"https:\/\/ista.org.tr\/blog\/haberler\/tahkim-duzenlemelerinde-degisiklikler-2019\/"},"author":{"name":"Eyl\u00fcl G\u00f6rm\u00fc\u015f","@id":"https:\/\/ista.org.tr\/#\/schema\/person\/f46bf0e6c7fa248b7fbfb5276ea6e634"},"headline":"Tahkim D\u00fczenlemelerinde De\u011fi\u015fiklikler 2019","datePublished":"2019-09-30T09:57:45+00:00","dateModified":"2020-06-02T09:59:23+00:00","mainEntityOfPage":{"@id":"https:\/\/ista.org.tr\/blog\/haberler\/tahkim-duzenlemelerinde-degisiklikler-2019\/"},"wordCount":125,"commentCount":0,"publisher":{"@id":"https:\/\/ista.org.tr\/#organization"},"keywords":["BAC","\u00c7in","Hindistan","ICSID"],"articleSection":["Haberler","Milletleraras\u0131 Tahkim"],"inLanguage":"en-US","potentialAction":[{"@type":"CommentAction","name":"Comment","target":["https:\/\/ista.org.tr\/blog\/haberler\/tahkim-duzenlemelerinde-degisiklikler-2019\/#respond"]}]},{"@type":"WebPage","@id":"https:\/\/ista.org.tr\/blog\/haberler\/tahkim-duzenlemelerinde-degisiklikler-2019\/","url":"https:\/\/ista.org.tr\/blog\/haberler\/tahkim-duzenlemelerinde-degisiklikler-2019\/","name":"Tahkim D\u00fczenlemelerinde De\u011fi\u015fiklikler 2019 | \u0130STA","isPartOf":{"@id":"https:\/\/ista.org.tr\/#website"},"datePublished":"2019-09-30T09:57:45+00:00","dateModified":"2020-06-02T09:59:23+00:00","description":"\u0130STA taraf\u0131ndan yay\u0131nlanan Tahkim D\u00fczenlemelerinde De\u011fi\u015fiklikler 2019 konulu yaz\u0131y\u0131 incelemek i\u00e7in sitemizi ziyaret edin.","breadcrumb":{"@id":"https:\/\/ista.org.tr\/blog\/haberler\/tahkim-duzenlemelerinde-degisiklikler-2019\/#breadcrumb"},"inLanguage":"en-US","potentialAction":[{"@type":"ReadAction","target":["https:\/\/ista.org.tr\/blog\/haberler\/tahkim-duzenlemelerinde-degisiklikler-2019\/"]}]},{"@type":"BreadcrumbList","@id":"https:\/\/ista.org.tr\/blog\/haberler\/tahkim-duzenlemelerinde-degisiklikler-2019\/#breadcrumb","itemListElement":[{"@type":"ListItem","position":1,"name":"Ana sayfa","item":"https:\/\/ista.org.tr\/"},{"@type":"ListItem","position":2,"name":"Tahkim D\u00fczenlemelerinde De\u011fi\u015fiklikler 2019"}]},{"@type":"WebSite","@id":"https:\/\/ista.org.tr\/#website","url":"https:\/\/ista.org.tr\/","name":"\u0130STA","description":"\u0130stanbul Tahkim Derne\u011fi","publisher":{"@id":"https:\/\/ista.org.tr\/#organization"},"potentialAction":[{"@type":"SearchAction","target":{"@type":"EntryPoint","urlTemplate":"https:\/\/ista.org.tr\/?s={search_term_string}"},"query-input":"required name=search_term_string"}],"inLanguage":"en-US"},{"@type":"Organization","@id":"https:\/\/ista.org.tr\/#organization","name":"\u0130stanbul Tahkim Derne\u011fi","url":"https:\/\/ista.org.tr\/","logo":{"@type":"ImageObject","inLanguage":"en-US","@id":"https:\/\/ista.org.tr\/#\/schema\/logo\/image\/","url":"https:\/\/ista.org.tr\/wp-content\/uploads\/2019\/12\/ista-logo.png","contentUrl":"https:\/\/ista.org.tr\/wp-content\/uploads\/2019\/12\/ista-logo.png","width":400,"height":400,"caption":"\u0130stanbul Tahkim Derne\u011fi"},"image":{"@id":"https:\/\/ista.org.tr\/#\/schema\/logo\/image\/"},"sameAs":["https:\/\/www.youtube.com\/channel\/UCZeVp4QaClBT9w13rtPk44Q\/videos","https:\/\/www.facebook.com\/istatahkim\/","https:\/\/twitter.com\/ISTAtahkim"]},{"@type":"Person","@id":"https:\/\/ista.org.tr\/#\/schema\/person\/f46bf0e6c7fa248b7fbfb5276ea6e634","name":"Eyl\u00fcl G\u00f6rm\u00fc\u015f","image":{"@type":"ImageObject","inLanguage":"en-US","@id":"https:\/\/ista.org.tr\/#\/schema\/person\/image\/","url":"https:\/\/secure.gravatar.com\/avatar\/df97169739e0f4433bb404f0975f5761?s=96&d=mm&r=g","contentUrl":"https:\/\/secure.gravatar.com\/avatar\/df97169739e0f4433bb404f0975f5761?s=96&d=mm&r=g","caption":"Eyl\u00fcl G\u00f6rm\u00fc\u015f"},"sameAs":["https:\/\/yakinda.org"]}]}},"_links":{"self":[{"href":"https:\/\/ista.org.tr\/en\/wp-json\/wp\/v2\/posts\/867"}],"collection":[{"href":"https:\/\/ista.org.tr\/en\/wp-json\/wp\/v2\/posts"}],"about":[{"href":"https:\/\/ista.org.tr\/en\/wp-json\/wp\/v2\/types\/post"}],"author":[{"embeddable":true,"href":"https:\/\/ista.org.tr\/en\/wp-json\/wp\/v2\/users\/1"}],"replies":[{"embeddable":true,"href":"https:\/\/ista.org.tr\/en\/wp-json\/wp\/v2\/comments?post=867"}],"version-history":[{"count":2,"href":"https:\/\/ista.org.tr\/en\/wp-json\/wp\/v2\/posts\/867\/revisions"}],"predecessor-version":[{"id":870,"href":"https:\/\/ista.org.tr\/en\/wp-json\/wp\/v2\/posts\/867\/revisions\/870"}],"wp:featuredmedia":[{"embeddable":true,"href":"https:\/\/ista.org.tr\/en\/wp-json\/wp\/v2\/media\/868"}],"wp:attachment":[{"href":"https:\/\/ista.org.tr\/en\/wp-json\/wp\/v2\/media?parent=867"}],"wp:term":[{"taxonomy":"category","embeddable":true,"href":"https:\/\/ista.org.tr\/en\/wp-json\/wp\/v2\/categories?post=867"},{"taxonomy":"post_tag","embeddable":true,"href":"https:\/\/ista.org.tr\/en\/wp-json\/wp\/v2\/tags?post=867"}],"curies":[{"name":"wp","href":"https:\/\/api.w.org\/{rel}","templated":true}]}}