{"id":879,"date":"2019-11-13T13:13:01","date_gmt":"2019-11-13T10:13:01","guid":{"rendered":"http:\/\/ista.org.tr\/haberler\/tahkim-2020-yili-cumhurbaskanligi-yillik-programinda-copy\/"},"modified":"2020-06-02T13:14:39","modified_gmt":"2020-06-02T10:14:39","slug":"ukraynada-tahkim-ve-ista-konusuldu","status":"publish","type":"post","link":"https:\/\/ista.org.tr\/en\/blog\/haberler\/ukraynada-tahkim-ve-ista-konusuldu\/","title":{"rendered":"Ukrayna&#8217;da Tahkim ve \u0130STA Konu\u015fuldu"},"content":{"rendered":"<p>T\u00fcrkiye \u2013 Ukrayna Altyap\u0131 Forumu 13 Kas\u0131m 2019 tarihinde Ukrayna\u2019n\u0131n Ba\u015fkenti Kiev\u2019de ger\u00e7ekle\u015ftirildi. \u0130STA Y\u00f6netim Kurulu Ba\u015fkan\u0131 Mehmet G\u00fcn ve Y\u00f6netim Kurulu \u00dcyesi Pelin Baysal\u2019\u0131n da konu\u015fmac\u0131 olarak kat\u0131ld\u0131klar\u0131 forum \u201cBirlikte F\u0131rsatlar Yaratmak\u201d temas\u0131 ile topland\u0131. Forum, G\u00fcn + Partners Avukatl\u0131k B\u00fcrosu, Ukrayna Tahkim Derne\u011fi, Uluslararas\u0131 T\u00fcrk \u2013 Ukrayna \u0130\u015f \u0130nsanlar\u0131 Birli\u011fi ve Integrites Hukuk B\u00fcrosu taraf\u0131ndan d\u00fczenlendi.<\/p>\n<div>\n<p>Toplant\u0131da bir a\u00e7\u0131l\u0131\u015f konu\u015fmas\u0131 yapan Mehmet G\u00fcn, T\u00fcrkiye ve Ukrayna&#8217;n\u0131n muazzam ekonomik i\u015fbirlikleri ger\u00e7ekle\u015ftirmek b\u00fcy\u00fck f\u0131rsatlara sahip oldu\u011funu a\u00e7\u0131klad\u0131. T\u00fcrkiye\u2019de uluslararas\u0131 ticaretin i\u015fleyi\u015fine ve kurallar\u0131na h\u00e2kim, yabanc\u0131 dil bilen binlerce avukat\u0131n uluslararas\u0131 hizmet sundu\u011funu vurgulad\u0131. G\u00fcn \u0130stanbul\u2019un birka\u00e7 uluslararas\u0131 tahkim merkezine ev sahipli\u011fi yapt\u0131\u011f\u0131n\u0131 belirterek \u0130stanbul Tahkim Merkezi ISTAC\u2019\u0131n halihaz\u0131rda uluslararas\u0131 anla\u015fmalarda kabul g\u00f6rd\u00fc\u011f\u00fcn\u00fc hat\u0131rlatt\u0131 ve i\u015fletmelere, uluslararas\u0131 uyu\u015fmazl\u0131k \u00e7\u00f6z\u00fcm merkezi olarak \u0130stanbul\u2019u se\u00e7melerini tavsiye etti.<\/p>\n<p>\u0130stanbul Tahkim Derne\u011fi\u2019nin \u00e7al\u0131\u015fmalar\u0131na da de\u011finen G\u00fcn, derne\u011fin tahkimde etik konusunda uluslararas\u0131 \u00e7al\u0131\u015fmalar yapt\u0131\u011f\u0131n\u0131 aktard\u0131.<\/p>\n<p>Konferansta her iki \u00fclkeden i\u015f ve hukuk d\u00fcnyas\u0131n\u0131n kat\u0131l\u0131m g\u00f6sterdi\u011fi forumda ekonomik f\u0131rsatlar ve a\u015f\u0131lmas\u0131 gereken hukuki \u015fartlar\u0131n altyap\u0131 ve in\u015faat sekt\u00f6rleri i\u00e7in uyu\u015fmazl\u0131k \u00e7\u00f6z\u00fcm\u00fc konusuna odaklanarak tart\u0131\u015f\u0131ld\u0131. Forumda \u201cKamu- \u00d6zel Sekt\u00f6r Ortakl\u0131klar\u0131: Ekonomik F\u0131rsatlar ve Hukuki \u015eartlar\u201d, \u201cYap\u0131 Sekt\u00f6r\u00fc: Gelece\u011fi Birlikte \u0130n\u015faa Etmek\u201d, \u201cUyu\u015fmazl\u0131k \u00c7\u00f6z\u00fcm\u00fc: Uyu\u015fmazl\u0131klar\u0131 Verimli ve Etkin \u015eekilde \u00d6nlemek ve \u00c7\u00f6zmek\u201d ba\u015fl\u0131kl\u0131 paneller ger\u00e7ekle\u015ftirildi.<\/p>\n<p>Forum \u00e7er\u00e7evesinde yap\u0131lan g\u00f6r\u00fc\u015fmelerde \u0130STA\u2019n\u0131n Ukrayna Tahkim Derne\u011fi ve Ukrayna Ticari Tahkim Merkezi ile i\u015fbirli\u011fi s\u00f6zle\u015fmesi imzalamalar\u0131, y\u0131ll\u0131k bir ortak etkinlik planlamalar\u0131 g\u00f6r\u00fc\u015f\u00fcld\u00fc. Ayr\u0131ca Ukrayna-T\u00fcrkiye aras\u0131ndaki ikili yat\u0131r\u0131m anla\u015fmas\u0131na ve anla\u015fman\u0131n 10. maddesinde yer alan ISTAC tahkim \u015fart\u0131na de\u011finildi.<\/p>\n<\/div>\n<div><\/div>\n","protected":false},"excerpt":{"rendered":"<p>T\u00fcrkiye \u2013 Ukrayna Altyap\u0131 Forumu 13 Kas\u0131m 2019 tarihinde Ukrayna\u2019n\u0131n Ba\u015fkenti Kiev\u2019de ger\u00e7ekle\u015ftirildi. \u0130STA Y\u00f6netim&#8230;<\/p>\n","protected":false},"author":1,"featured_media":880,"comment_status":"open","ping_status":"open","sticky":false,"template":"","format":"standard","meta":{"_mi_skip_tracking":false},"categories":[4,108],"tags":[34,55,117],"yoast_head":"<!-- This site is optimized with the Yoast SEO plugin v19.14 - https:\/\/yoast.com\/wordpress\/plugins\/seo\/ -->\n<title>Ukrayna&#039;da Tahkim ve \u0130STA Konu\u015fuldu | \u0130STA<\/title>\n<meta name=\"description\" content=\"\u0130STA taraf\u0131ndan yay\u0131nlanan Ukrayna&#039;da Tahkim ve \u0130STA Konu\u015fuldu konulu yaz\u0131y\u0131 incelemek i\u00e7in sitemizi ziyaret edin.\" \/>\n<meta name=\"robots\" content=\"index, follow, max-snippet:-1, max-image-preview:large, max-video-preview:-1\" \/>\n<link rel=\"canonical\" href=\"https:\/\/ista.org.tr\/blog\/haberler\/ukraynada-tahkim-ve-ista-konusuldu\/\" \/>\n<meta property=\"og:locale\" content=\"en_US\" \/>\n<meta property=\"og:type\" content=\"article\" \/>\n<meta property=\"og:title\" content=\"Ukrayna&#039;da Tahkim ve \u0130STA Konu\u015fuldu | \u0130STA\" \/>\n<meta property=\"og:description\" content=\"\u0130STA taraf\u0131ndan yay\u0131nlanan Ukrayna&#039;da Tahkim ve \u0130STA Konu\u015fuldu konulu yaz\u0131y\u0131 incelemek i\u00e7in sitemizi ziyaret edin.\" \/>\n<meta property=\"og:url\" content=\"https:\/\/ista.org.tr\/blog\/haberler\/ukraynada-tahkim-ve-ista-konusuldu\/\" \/>\n<meta property=\"og:site_name\" content=\"\u0130STA\" \/>\n<meta property=\"article:publisher\" content=\"https:\/\/www.facebook.com\/istatahkim\/\" \/>\n<meta property=\"article:published_time\" content=\"2019-11-13T10:13:01+00:00\" \/>\n<meta property=\"article:modified_time\" content=\"2020-06-02T10:14:39+00:00\" \/>\n<meta property=\"og:image\" content=\"https:\/\/ista.org.tr\/wp-content\/uploads\/2020\/06\/ukraynada-tahkim-ve-ista-konusuldu.jpg\" \/>\n\t<meta property=\"og:image:width\" content=\"800\" \/>\n\t<meta property=\"og:image:height\" content=\"450\" \/>\n\t<meta property=\"og:image:type\" content=\"image\/jpeg\" \/>\n<meta name=\"author\" content=\"Eyl\u00fcl G\u00f6rm\u00fc\u015f\" \/>\n<meta name=\"twitter:card\" content=\"summary_large_image\" \/>\n<meta name=\"twitter:creator\" content=\"@ISTAtahkim\" \/>\n<meta name=\"twitter:site\" content=\"@ISTAtahkim\" \/>\n<meta name=\"twitter:label1\" content=\"Written by\" \/>\n\t<meta name=\"twitter:data1\" content=\"Eyl\u00fcl G\u00f6rm\u00fc\u015f\" \/>\n\t<meta name=\"twitter:label2\" content=\"Est. reading time\" \/>\n\t<meta name=\"twitter:data2\" content=\"2 minutes\" \/>\n<script type=\"application\/ld+json\" class=\"yoast-schema-graph\">{\"@context\":\"https:\/\/schema.org\",\"@graph\":[{\"@type\":\"Article\",\"@id\":\"https:\/\/ista.org.tr\/blog\/haberler\/ukraynada-tahkim-ve-ista-konusuldu\/#article\",\"isPartOf\":{\"@id\":\"https:\/\/ista.org.tr\/blog\/haberler\/ukraynada-tahkim-ve-ista-konusuldu\/\"},\"author\":{\"name\":\"Eyl\u00fcl G\u00f6rm\u00fc\u015f\",\"@id\":\"https:\/\/ista.org.tr\/#\/schema\/person\/f46bf0e6c7fa248b7fbfb5276ea6e634\"},\"headline\":\"Ukrayna&#8217;da Tahkim ve \u0130STA Konu\u015fuldu\",\"datePublished\":\"2019-11-13T10:13:01+00:00\",\"dateModified\":\"2020-06-02T10:14:39+00:00\",\"mainEntityOfPage\":{\"@id\":\"https:\/\/ista.org.tr\/blog\/haberler\/ukraynada-tahkim-ve-ista-konusuldu\/\"},\"wordCount\":365,\"commentCount\":0,\"publisher\":{\"@id\":\"https:\/\/ista.org.tr\/#organization\"},\"keywords\":[\"ista\",\"ISTAC\",\"ukrayna\"],\"articleSection\":[\"Haberler\",\"Milletleraras\u0131 Tahkim\"],\"inLanguage\":\"en-US\",\"potentialAction\":[{\"@type\":\"CommentAction\",\"name\":\"Comment\",\"target\":[\"https:\/\/ista.org.tr\/blog\/haberler\/ukraynada-tahkim-ve-ista-konusuldu\/#respond\"]}]},{\"@type\":\"WebPage\",\"@id\":\"https:\/\/ista.org.tr\/blog\/haberler\/ukraynada-tahkim-ve-ista-konusuldu\/\",\"url\":\"https:\/\/ista.org.tr\/blog\/haberler\/ukraynada-tahkim-ve-ista-konusuldu\/\",\"name\":\"Ukrayna'da Tahkim ve \u0130STA Konu\u015fuldu | \u0130STA\",\"isPartOf\":{\"@id\":\"https:\/\/ista.org.tr\/#website\"},\"datePublished\":\"2019-11-13T10:13:01+00:00\",\"dateModified\":\"2020-06-02T10:14:39+00:00\",\"description\":\"\u0130STA taraf\u0131ndan yay\u0131nlanan Ukrayna'da Tahkim ve \u0130STA Konu\u015fuldu konulu yaz\u0131y\u0131 incelemek i\u00e7in sitemizi ziyaret edin.\",\"breadcrumb\":{\"@id\":\"https:\/\/ista.org.tr\/blog\/haberler\/ukraynada-tahkim-ve-ista-konusuldu\/#breadcrumb\"},\"inLanguage\":\"en-US\",\"potentialAction\":[{\"@type\":\"ReadAction\",\"target\":[\"https:\/\/ista.org.tr\/blog\/haberler\/ukraynada-tahkim-ve-ista-konusuldu\/\"]}]},{\"@type\":\"BreadcrumbList\",\"@id\":\"https:\/\/ista.org.tr\/blog\/haberler\/ukraynada-tahkim-ve-ista-konusuldu\/#breadcrumb\",\"itemListElement\":[{\"@type\":\"ListItem\",\"position\":1,\"name\":\"Ana sayfa\",\"item\":\"https:\/\/ista.org.tr\/\"},{\"@type\":\"ListItem\",\"position\":2,\"name\":\"Ukrayna&#8217;da Tahkim ve \u0130STA Konu\u015fuldu\"}]},{\"@type\":\"WebSite\",\"@id\":\"https:\/\/ista.org.tr\/#website\",\"url\":\"https:\/\/ista.org.tr\/\",\"name\":\"\u0130STA\",\"description\":\"\u0130stanbul Tahkim Derne\u011fi\",\"publisher\":{\"@id\":\"https:\/\/ista.org.tr\/#organization\"},\"potentialAction\":[{\"@type\":\"SearchAction\",\"target\":{\"@type\":\"EntryPoint\",\"urlTemplate\":\"https:\/\/ista.org.tr\/?s={search_term_string}\"},\"query-input\":\"required name=search_term_string\"}],\"inLanguage\":\"en-US\"},{\"@type\":\"Organization\",\"@id\":\"https:\/\/ista.org.tr\/#organization\",\"name\":\"\u0130stanbul Tahkim Derne\u011fi\",\"url\":\"https:\/\/ista.org.tr\/\",\"logo\":{\"@type\":\"ImageObject\",\"inLanguage\":\"en-US\",\"@id\":\"https:\/\/ista.org.tr\/#\/schema\/logo\/image\/\",\"url\":\"https:\/\/ista.org.tr\/wp-content\/uploads\/2019\/12\/ista-logo.png\",\"contentUrl\":\"https:\/\/ista.org.tr\/wp-content\/uploads\/2019\/12\/ista-logo.png\",\"width\":400,\"height\":400,\"caption\":\"\u0130stanbul Tahkim Derne\u011fi\"},\"image\":{\"@id\":\"https:\/\/ista.org.tr\/#\/schema\/logo\/image\/\"},\"sameAs\":[\"https:\/\/www.youtube.com\/channel\/UCZeVp4QaClBT9w13rtPk44Q\/videos\",\"https:\/\/www.facebook.com\/istatahkim\/\",\"https:\/\/twitter.com\/ISTAtahkim\"]},{\"@type\":\"Person\",\"@id\":\"https:\/\/ista.org.tr\/#\/schema\/person\/f46bf0e6c7fa248b7fbfb5276ea6e634\",\"name\":\"Eyl\u00fcl G\u00f6rm\u00fc\u015f\",\"image\":{\"@type\":\"ImageObject\",\"inLanguage\":\"en-US\",\"@id\":\"https:\/\/ista.org.tr\/#\/schema\/person\/image\/\",\"url\":\"https:\/\/secure.gravatar.com\/avatar\/df97169739e0f4433bb404f0975f5761?s=96&d=mm&r=g\",\"contentUrl\":\"https:\/\/secure.gravatar.com\/avatar\/df97169739e0f4433bb404f0975f5761?s=96&d=mm&r=g\",\"caption\":\"Eyl\u00fcl G\u00f6rm\u00fc\u015f\"},\"sameAs\":[\"https:\/\/yakinda.org\"]}]}<\/script>\n<!-- \/ Yoast SEO plugin. -->","yoast_head_json":{"title":"Ukrayna'da Tahkim ve \u0130STA Konu\u015fuldu | \u0130STA","description":"\u0130STA taraf\u0131ndan yay\u0131nlanan Ukrayna'da Tahkim ve \u0130STA Konu\u015fuldu konulu yaz\u0131y\u0131 incelemek i\u00e7in sitemizi ziyaret edin.","robots":{"index":"index","follow":"follow","max-snippet":"max-snippet:-1","max-image-preview":"max-image-preview:large","max-video-preview":"max-video-preview:-1"},"canonical":"https:\/\/ista.org.tr\/blog\/haberler\/ukraynada-tahkim-ve-ista-konusuldu\/","og_locale":"en_US","og_type":"article","og_title":"Ukrayna'da Tahkim ve \u0130STA Konu\u015fuldu | \u0130STA","og_description":"\u0130STA taraf\u0131ndan yay\u0131nlanan Ukrayna'da Tahkim ve \u0130STA Konu\u015fuldu konulu yaz\u0131y\u0131 incelemek i\u00e7in sitemizi ziyaret edin.","og_url":"https:\/\/ista.org.tr\/blog\/haberler\/ukraynada-tahkim-ve-ista-konusuldu\/","og_site_name":"\u0130STA","article_publisher":"https:\/\/www.facebook.com\/istatahkim\/","article_published_time":"2019-11-13T10:13:01+00:00","article_modified_time":"2020-06-02T10:14:39+00:00","og_image":[{"width":800,"height":450,"url":"https:\/\/ista.org.tr\/wp-content\/uploads\/2020\/06\/ukraynada-tahkim-ve-ista-konusuldu.jpg","type":"image\/jpeg"}],"author":"Eyl\u00fcl G\u00f6rm\u00fc\u015f","twitter_card":"summary_large_image","twitter_creator":"@ISTAtahkim","twitter_site":"@ISTAtahkim","twitter_misc":{"Written by":"Eyl\u00fcl G\u00f6rm\u00fc\u015f","Est. reading time":"2 minutes"},"schema":{"@context":"https:\/\/schema.org","@graph":[{"@type":"Article","@id":"https:\/\/ista.org.tr\/blog\/haberler\/ukraynada-tahkim-ve-ista-konusuldu\/#article","isPartOf":{"@id":"https:\/\/ista.org.tr\/blog\/haberler\/ukraynada-tahkim-ve-ista-konusuldu\/"},"author":{"name":"Eyl\u00fcl G\u00f6rm\u00fc\u015f","@id":"https:\/\/ista.org.tr\/#\/schema\/person\/f46bf0e6c7fa248b7fbfb5276ea6e634"},"headline":"Ukrayna&#8217;da Tahkim ve \u0130STA Konu\u015fuldu","datePublished":"2019-11-13T10:13:01+00:00","dateModified":"2020-06-02T10:14:39+00:00","mainEntityOfPage":{"@id":"https:\/\/ista.org.tr\/blog\/haberler\/ukraynada-tahkim-ve-ista-konusuldu\/"},"wordCount":365,"commentCount":0,"publisher":{"@id":"https:\/\/ista.org.tr\/#organization"},"keywords":["ista","ISTAC","ukrayna"],"articleSection":["Haberler","Milletleraras\u0131 Tahkim"],"inLanguage":"en-US","potentialAction":[{"@type":"CommentAction","name":"Comment","target":["https:\/\/ista.org.tr\/blog\/haberler\/ukraynada-tahkim-ve-ista-konusuldu\/#respond"]}]},{"@type":"WebPage","@id":"https:\/\/ista.org.tr\/blog\/haberler\/ukraynada-tahkim-ve-ista-konusuldu\/","url":"https:\/\/ista.org.tr\/blog\/haberler\/ukraynada-tahkim-ve-ista-konusuldu\/","name":"Ukrayna'da Tahkim ve \u0130STA Konu\u015fuldu | \u0130STA","isPartOf":{"@id":"https:\/\/ista.org.tr\/#website"},"datePublished":"2019-11-13T10:13:01+00:00","dateModified":"2020-06-02T10:14:39+00:00","description":"\u0130STA taraf\u0131ndan yay\u0131nlanan Ukrayna'da Tahkim ve \u0130STA Konu\u015fuldu konulu yaz\u0131y\u0131 incelemek i\u00e7in sitemizi ziyaret edin.","breadcrumb":{"@id":"https:\/\/ista.org.tr\/blog\/haberler\/ukraynada-tahkim-ve-ista-konusuldu\/#breadcrumb"},"inLanguage":"en-US","potentialAction":[{"@type":"ReadAction","target":["https:\/\/ista.org.tr\/blog\/haberler\/ukraynada-tahkim-ve-ista-konusuldu\/"]}]},{"@type":"BreadcrumbList","@id":"https:\/\/ista.org.tr\/blog\/haberler\/ukraynada-tahkim-ve-ista-konusuldu\/#breadcrumb","itemListElement":[{"@type":"ListItem","position":1,"name":"Ana sayfa","item":"https:\/\/ista.org.tr\/"},{"@type":"ListItem","position":2,"name":"Ukrayna&#8217;da Tahkim ve \u0130STA Konu\u015fuldu"}]},{"@type":"WebSite","@id":"https:\/\/ista.org.tr\/#website","url":"https:\/\/ista.org.tr\/","name":"\u0130STA","description":"\u0130stanbul Tahkim Derne\u011fi","publisher":{"@id":"https:\/\/ista.org.tr\/#organization"},"potentialAction":[{"@type":"SearchAction","target":{"@type":"EntryPoint","urlTemplate":"https:\/\/ista.org.tr\/?s={search_term_string}"},"query-input":"required name=search_term_string"}],"inLanguage":"en-US"},{"@type":"Organization","@id":"https:\/\/ista.org.tr\/#organization","name":"\u0130stanbul Tahkim Derne\u011fi","url":"https:\/\/ista.org.tr\/","logo":{"@type":"ImageObject","inLanguage":"en-US","@id":"https:\/\/ista.org.tr\/#\/schema\/logo\/image\/","url":"https:\/\/ista.org.tr\/wp-content\/uploads\/2019\/12\/ista-logo.png","contentUrl":"https:\/\/ista.org.tr\/wp-content\/uploads\/2019\/12\/ista-logo.png","width":400,"height":400,"caption":"\u0130stanbul Tahkim Derne\u011fi"},"image":{"@id":"https:\/\/ista.org.tr\/#\/schema\/logo\/image\/"},"sameAs":["https:\/\/www.youtube.com\/channel\/UCZeVp4QaClBT9w13rtPk44Q\/videos","https:\/\/www.facebook.com\/istatahkim\/","https:\/\/twitter.com\/ISTAtahkim"]},{"@type":"Person","@id":"https:\/\/ista.org.tr\/#\/schema\/person\/f46bf0e6c7fa248b7fbfb5276ea6e634","name":"Eyl\u00fcl G\u00f6rm\u00fc\u015f","image":{"@type":"ImageObject","inLanguage":"en-US","@id":"https:\/\/ista.org.tr\/#\/schema\/person\/image\/","url":"https:\/\/secure.gravatar.com\/avatar\/df97169739e0f4433bb404f0975f5761?s=96&d=mm&r=g","contentUrl":"https:\/\/secure.gravatar.com\/avatar\/df97169739e0f4433bb404f0975f5761?s=96&d=mm&r=g","caption":"Eyl\u00fcl G\u00f6rm\u00fc\u015f"},"sameAs":["https:\/\/yakinda.org"]}]}},"_links":{"self":[{"href":"https:\/\/ista.org.tr\/en\/wp-json\/wp\/v2\/posts\/879"}],"collection":[{"href":"https:\/\/ista.org.tr\/en\/wp-json\/wp\/v2\/posts"}],"about":[{"href":"https:\/\/ista.org.tr\/en\/wp-json\/wp\/v2\/types\/post"}],"author":[{"embeddable":true,"href":"https:\/\/ista.org.tr\/en\/wp-json\/wp\/v2\/users\/1"}],"replies":[{"embeddable":true,"href":"https:\/\/ista.org.tr\/en\/wp-json\/wp\/v2\/comments?post=879"}],"version-history":[{"count":2,"href":"https:\/\/ista.org.tr\/en\/wp-json\/wp\/v2\/posts\/879\/revisions"}],"predecessor-version":[{"id":882,"href":"https:\/\/ista.org.tr\/en\/wp-json\/wp\/v2\/posts\/879\/revisions\/882"}],"wp:featuredmedia":[{"embeddable":true,"href":"https:\/\/ista.org.tr\/en\/wp-json\/wp\/v2\/media\/880"}],"wp:attachment":[{"href":"https:\/\/ista.org.tr\/en\/wp-json\/wp\/v2\/media?parent=879"}],"wp:term":[{"taxonomy":"category","embeddable":true,"href":"https:\/\/ista.org.tr\/en\/wp-json\/wp\/v2\/categories?post=879"},{"taxonomy":"post_tag","embeddable":true,"href":"https:\/\/ista.org.tr\/en\/wp-json\/wp\/v2\/tags?post=879"}],"curies":[{"name":"wp","href":"https:\/\/api.w.org\/{rel}","templated":true}]}}