{"id":895,"date":"2019-12-05T23:19:43","date_gmt":"2019-12-05T20:19:43","guid":{"rendered":"http:\/\/ista.org.tr\/haberler\/bennar-aydogdu-uluslararasi-tahkimin-gelismesine-katkisindan-dolayi-altin-degerler-odulu-aldi-copy\/"},"modified":"2020-06-02T23:27:07","modified_gmt":"2020-06-02T20:27:07","slug":"the-legal-500-ista-turkey-disputes-summit-istanbulda-toplandi","status":"publish","type":"post","link":"https:\/\/ista.org.tr\/en\/blog\/haberler\/the-legal-500-ista-turkey-disputes-summit-istanbulda-toplandi\/","title":{"rendered":"The Legal 500 &#8211; ISTA Turkey Disputes Summit \u0130stanbul&#8217;da Topland\u0131"},"content":{"rendered":"<p>\u0130stanbul Tahkim Derne\u011fi (\u0130STA) ve The Legal 500 ortakl\u0131\u011f\u0131nda d\u00fczenlenen \u201cThe Legal 500 Turkey Disputes Summit\u201d 5 Aral\u0131k 2019 tarihinde \u00c7\u0131ra\u011fan Saray\u0131\u2019nda ger\u00e7ekle\u015ftirildi. 4 farkl\u0131 panelde Tahkimin 4 farkl\u0131 boyutunun tart\u0131\u015f\u0131ld\u0131\u011f\u0131 etkinlik \u0130STA Y\u00f6netim Kurulu Ba\u015fkan\u0131 Mehmet G\u00fcn\u2019\u00fcn a\u00e7\u0131l\u0131\u015f konu\u015fmas\u0131 ile ba\u015flad\u0131.<\/p>\n<div>\n<p>Mehmet G\u00fcn yapt\u0131\u011f\u0131 konu\u015fmada T\u00fcrkiye ile yak\u0131n n\u00fcfuslara sahip olan Almanya gibi daha geli\u015fmi\u015f olan \u00fclkeler aras\u0131ndaki fark\u0131n esas nedeninin Almanya\u2019n\u0131n uyu\u015fmazl\u0131klar\u0131 \u00e7\u00f6zmek i\u00e7in iki kat\u0131 daha fazla performans g\u00f6stermesi oldu\u011funu, bu performans\u0131n da Almanya\u2019y\u0131 T\u00fcrkiye\u2019nin 4 kat\u0131 ileriye ta\u015f\u0131d\u0131\u011f\u0131n\u0131 belirtti. T\u00fcrkiye\u2019nin bu alanda \u00f6nemli geli\u015fmeler kaydetti\u011fini s\u00f6yleyen G\u00fcn, \u00f6zellikle ISTAC\u2019\u0131n ilk defa T\u00fcrkiye\u2019de t\u00fcm kesimlerin bir araya gelmesi ile kuruldu\u011funu aktard\u0131. Mehmet G\u00fcn, T\u00fcrkiye\u2019de tahkim uygulamac\u0131lar\u0131n\u0131 bir araya getiren bir sivil toplum kurulu\u015fu olu\u015fturma \u00e7abas\u0131n\u0131n \u0130STA taraf\u0131ndan ger\u00e7ekle\u015ftirilmesinin de ikinci \u00f6nemli ba\u015far\u0131 oldu\u011funu iletti.<\/p>\n<p><b>Tahkim Duru\u015fmas\u0131nda Avukatlar G\u00f6revlerini Yerine Getirmediklerinde Hakemler Ne Yapmal\u0131d\u0131r?<\/b><\/p>\n<p>Moderat\u00f6rl\u00fc\u011f\u00fcn\u00fc BennArb Kurucu Bennar Aydo\u011fdu\u2019nun yapt\u0131\u011f\u0131 \u201cTahkim Duru\u015fmas\u0131nda Avukatlar G\u00f6revlerini Yerine Getirmediklerinde Hakemler Ne Yapmal\u0131d\u0131r?\u201d ba\u015fl\u0131kl\u0131 panelde konu\u015fan G\u00fcn + Partners Orta\u011f\u0131 Pelin Baysal, hakemlerin duru\u015fma s\u0131ras\u0131nda taraflar\u0131n getirdikleri ile ba\u011fl\u0131 olup olmayaca\u011f\u0131 sorusunun farkl\u0131 yarg\u0131 b\u00f6lgelerinde uygulanan hukuk kurallar\u0131na g\u00f6re farkl\u0131 \u015fekillerde cevaplanabilece\u011fini belirtti. Baysal, tahkim s\u00f6z konusu oldu\u011funda taraflar\u0131n tahkim duru\u015fmas\u0131na uygulanacak usul\u00fc istedikleri gibi belirleyebilece\u011fine dikkat \u00e7ekti.<\/p>\n<p>AKT Hukuk Orta\u011f\u0131 Cem Kaspi ise hakemlerin tahkim duru\u015fmas\u0131 s\u0131ras\u0131nda daha pasif oldu\u011funu belirtip, asl\u0131nda hakemlerin kendilerine bir soru listesi haz\u0131rlayarak uzmanlar vas\u0131tas\u0131 ile daha serbest bir muhakeme y\u00fcr\u00fctebileceklerini payla\u015ft\u0131. Ancak hakemlerin bu filleri ger\u00e7ekle\u015ftirirken taraflara e\u015fit mesafede bulunmas\u0131n\u0131n, tarafs\u0131zl\u0131klar\u0131 i\u00e7in \u00f6nemli oldu\u011fu vurgulad\u0131 ve tahkim duru\u015fmas\u0131 taraflar\u0131n\u0131n s\u00fcreci istedikleri gibi tasarlayabilece\u011fini hat\u0131rlatt\u0131.<\/p>\n<p>Panelin son konu\u015fmac\u0131s\u0131 olan Ar\u0131kan Partners orta\u011f\u0131 Volkan Ar\u0131kan ise avukatlar\u0131n i\u015flerini ne kadar do\u011fru yapt\u0131klar\u0131 konusunda uluslararas\u0131 etik kurallar\u0131n \u00f6nemini anlatt\u0131. Panelde s\u00f6z alan Mehmet G\u00fcn ise olaylar\u0131 tam olarak anlamadan ve kurallar\u0131 do\u011fru uygulamadan do\u011fru ve tam bir sonuca ula\u015f\u0131lamayaca\u011f\u0131n\u0131 belirtti ve tam ve do\u011fru if\u015fa\u2019y\u0131 sa\u011flayan kurallar\u0131n \u00f6nemini vurgulad\u0131.<\/p>\n<p><b>Tahkim Duru\u015fmas\u0131 S\u0131ras\u0131nda \u015eirket Avukatlar\u0131 Hukuk B\u00fcrolar\u0131ndan Ne Bekliyor?<\/b><\/p>\n<p>Ayn\u0131 zamanda etkinli\u011fin sponsoru olan K\u0131l\u0131\u00e7 Law orta\u011f\u0131 Duygu Do\u011fan\u2019\u0131n moderat\u00f6rl\u00fc\u011f\u00fcn\u00fc yapt\u0131\u011f\u0131 \u201cTahkim Duru\u015fmas\u0131 S\u0131ras\u0131nda \u015eirket Avukatlar\u0131 Hukuk B\u00fcrolar\u0131ndan Ne Bekliyor?\u201d ba\u015fl\u0131kl\u0131 ikinci panel ise Socar T\u00fcrkiye Ba\u015fhukuk M\u00fc\u015faviri Celal Sava\u015f\u2019\u0131n konu\u015fmas\u0131 ile ba\u015flad\u0131. Celal Sava\u015f, uyu\u015fmazl\u0131k taraflar\u0131n\u0131n tahkimi se\u00e7mesinin ard\u0131nda yatan sebepleri, tahkim duru\u015fmas\u0131n\u0131n gizli olarak s\u00fcrd\u00fcr\u00fclmesi, taraflar\u0131n kendi istedikleri hakemleri se\u00e7me imk\u00e2n\u0131 ve uyu\u015fmazl\u0131k konusunu \u00e7\u00f6z\u00fcmleyecek hakemlerin yetkinli\u011fine duyulan g\u00fcven oldu\u011funu aktararak, New York Konvansiyonu uyar\u0131nca tahkim kararlar\u0131n\u0131n tenfizindeki kolayl\u0131k ve tahkim duru\u015fmas\u0131n\u0131n arka plan\u0131nda s\u00fcregelen sekretarya i\u015flerinin daha d\u00fczenli ve denetimli yap\u0131lmas\u0131n\u0131n da \u00f6nemini vurgulad\u0131.<\/p>\n<p>Enerjisa Ba\u015fhukuk M\u00fc\u015faviri Didem Mutlu ise uyu\u015fmazl\u0131\u011f\u0131n konusunun olu\u015fturan hukuki ili\u015fkilere en ba\u015f\u0131nda beri d\u00e2hil olan \u015firket avukatlar\u0131n\u0131n uyu\u015fmazl\u0131k \u00e7\u00f6z\u00fcm\u00fcne objektif bir tutum olu\u015fturmak i\u00e7in gerekti\u011fi zamanlarda d\u0131\u015far\u0131dan avukatl\u0131k hizmetleri almas\u0131n\u0131n \u00f6nemini vurgulad\u0131. Ayr\u0131ca \u015firket avukat\u0131 ve d\u0131\u015far\u0131dan avukatl\u0131k hizmeti sa\u011flayan avukatlar aras\u0131ndaki ileti\u015fimin \u00f6nemine dikkat \u00e7ekerek, bu ileti\u015fimin m\u00fcmk\u00fcn oldu\u011funca a\u00e7\u0131k ve do\u011fru olmas\u0131 gerekti\u011fini s\u00f6yledi.<\/p>\n<p>Panelin son konu\u015fmac\u0131s\u0131 Karadeniz Holding Ba\u015fhukuk M\u00fc\u015faviri Nazl\u0131 Oba kendi tecr\u00fcbelerinden bahsederek, \u015firketinin dahil oldu\u011fu yat\u0131r\u0131m tahkimi anla\u015fmalar\u0131n\u0131 anlatt\u0131. Hukuk b\u00fcrolar\u0131ndan hizmet ald\u0131klar\u0131 zamanlarda en b\u00fcy\u00fck beklentilerinin \u00e7al\u0131\u015ft\u0131klar\u0131 avukatlardan d\u00fczenli ve a\u00e7\u0131k bilgilendirme oldu\u011funu s\u00f6yledi.<\/p>\n<p>Panelde s\u00f6z alan Pelin Baysal, tahkim duru\u015fmas\u0131n\u0131n de facto gizli olmad\u0131\u011f\u0131n\u0131 hat\u0131rlatt\u0131 ve \u015firket avukatlar\u0131n\u0131n tahkim s\u00f6zle\u015fmelerinde gizlilik, tahkim kararlar\u0131n\u0131n ba\u011flay\u0131c\u0131l\u0131\u011f\u0131 ve icra edilebilirli\u011fini d\u00fczenleyen h\u00fck\u00fcmlere dikkat etmeleri gerekti\u011fini belirtti.<\/p>\n<p><b>Uyu\u015fmazl\u0131k \u00c7\u00f6z\u00fcm\u00fcndeki Riskler ve Bu Risklerden Sak\u0131nma Y\u00f6ntemleri<\/b><\/p>\n<p>TURUN\u00c7 orta\u011f\u0131 Kerem Turun\u00e7 moderat\u00f6rl\u00fc\u011f\u00fcnde ger\u00e7ekle\u015fen Uyu\u015fmazl\u0131k \u00c7\u00f6z\u00fcm\u00fcndeki Riskler ve Sak\u0131nma Y\u00f6ntemleri ba\u015fl\u0131kl\u0131 panelde ilk konu\u015fmay\u0131 Shell Ba\u015fhukuk M\u00fc\u015faviri Ber\u00e7 Germeyan I\u015f\u0131k yapt\u0131. \u015eirket avukatlar\u0131n\u0131n hangi uyu\u015fmazl\u0131klarda tahkimi hangi uyu\u015fmazl\u0131klarda adliyeleri tercih ettikleri konusunda Germeyan I\u015f\u0131k b\u00fcy\u00fck ve riskli uyu\u015fmazl\u0131klarda tahkime gittiklerini, k\u00fc\u00e7\u00fck ve daha az riskli uyu\u015fmazl\u0131klarda adliyelere tercih ettiklerini s\u00f6yledi.<\/p>\n<p>\u015eirket avukatlar\u0131n\u0131n d\u0131\u015far\u0131dan avukatl\u0131k hizmeti almaya karar vermesi haline bu hizmeti sa\u011flayan avukatlar\u0131n veya avukatl\u0131k b\u00fcrolar\u0131n\u0131n hangi \u00f6l\u00e7\u00fctlere g\u00f6re de\u011ferlendirildi\u011fini anlatan Germeyan I\u015f\u0131k, ge\u00e7mi\u015f tecr\u00fcbelerini ile ba\u015far\u0131lar\u0131n\u0131 kan\u0131tlayabilen avukatlar\u0131 tercih ettiklerini ve d\u0131\u015far\u0131dan avukatl\u0131k hizmeti sa\u011flayan avukatlar\u0131n sa\u011flad\u0131\u011f\u0131 hizmetin kalitesine g\u00fcvenildi\u011fi takdirde, talep edilen \u00fccretin \u00f6nemini b\u00fcy\u00fck \u00f6l\u00e7\u00fcde yitirdi\u011fini belirtti.<\/p>\n<p>Akk\u00f6k Grup Ba\u015fhukuk M\u00fc\u015faviri \u00c7a\u011fla Zingil ise g\u00fcvenin \u00f6ncellikle de\u011ferlendirdikleri bir unsur oldu\u011funu ve her zaman en y\u00fcksek \u00fccret talep edenin en iyi hizmeti sa\u011flayamad\u0131\u011f\u0131n\u0131 \u00e7\u00fcnk\u00fc \u00fccretle beraber \u015firket avukatlar\u0131n\u0131n beklentilerinin de artt\u0131\u011f\u0131n\u0131 belirtti.<\/p>\n<p><b>\u00dc\u00e7\u00fcnc\u00fc Taraf Fonlama<\/b><\/p>\n<p>Birebir Tart\u0131\u015fma Paneli\u2019nde ise Kabine Orta\u011f\u0131 Av. Dr.Ural Ak\u00fcz\u00fcm T\u00fcrkiye\u2019de \u00e7ok yeni bir uygulama olan \u00fc\u00e7\u00fcnc\u00fc parti anlatt\u0131 ve hukuk felsefesine dayand\u0131\u011f\u0131n\u0131, davac\u0131lara adalete eri\u015fim hakk\u0131 sa\u011flad\u0131\u011f\u0131n\u0131 ve bu sebeple kamu hukuku ile insan haklar\u0131 hukukuna da dokundu\u011funu belirtti. \u00dc\u00e7\u00fcnc\u00fc ki\u015fi fonlamada \u00fc\u00e7 farkl\u0131 taraf (akt\u00f6r) oldu\u011funu; bu akt\u00f6rlerden birincisinin finans\u00f6r, ikincisinin fondan fayda sa\u011flayan ki\u015filer (yani dava s\u00fcrecinin finansa etmek isteyen davac\u0131lar) ve \u00fc\u00e7\u00fcnc\u00fc olarak da avukatlar ve hukuk b\u00fcrolar\u0131 oldu\u011funu a\u00e7\u0131klad\u0131. \u00dc\u00e7\u00fcnc\u00fc parti fonlamaya ili\u015fkin tart\u0131\u015fmaya a\u00e7\u0131k konulardan birinin finans\u00f6r\u00fcn kendi \u00e7\u0131karlar\u0131na g\u00f6re mi, finanse etti\u011fi ki\u015finin \u00e7\u0131kar\u0131na m\u0131 g\u00f6re hareket etmesi gerekti\u011fi \u00fczerinde yo\u011funla\u015ft\u0131\u011f\u0131n\u0131 hat\u0131rlatt\u0131.<\/p>\n<p>Bench Walk Advisors\u2019dan Ay\u015fe Lowe \u00fc\u00e7\u00fcnc\u00fc parti fonlamaya ili\u015fkin tecr\u00fcbelerini aktararak fonlay\u0131c\u0131lar\u0131n dava stratejisine kar\u0131\u015fmad\u0131klar\u0131n\u0131 belirti. Ay\u015fe Lowe, sa\u011flanan finansal yard\u0131m\u0131n hangi durumlarda geri talep edildi\u011fi sorusuna, her s\u00f6zle\u015fmede de\u011fi\u015fmekle beraber genellikle davac\u0131n\u0131n hileli i\u015flemlerde bulundu\u011fu tespit edildi\u011finde sa\u011flanan fonun geri \u00f6denmesinin talep edildi\u011fini s\u00f6yledi.<\/p>\n<\/div>\n","protected":false},"excerpt":{"rendered":"<p>\u0130stanbul Tahkim Derne\u011fi (\u0130STA) ve The Legal 500 ortakl\u0131\u011f\u0131nda d\u00fczenlenen \u201cThe Legal 500 Turkey Disputes&#8230;<\/p>\n","protected":false},"author":1,"featured_media":897,"comment_status":"open","ping_status":"open","sticky":false,"template":"","format":"standard","meta":{"_mi_skip_tracking":false},"categories":[4,32],"tags":[118],"yoast_head":"<!-- This site is optimized with the Yoast SEO plugin v19.14 - https:\/\/yoast.com\/wordpress\/plugins\/seo\/ -->\n<title>The Legal 500 - ISTA Turkey Disputes Summit \u0130stanbul&#039;da Topland\u0131 | \u0130STA<\/title>\n<meta name=\"description\" content=\"\u0130STA taraf\u0131ndan yay\u0131nlanan The Legal 500 - ISTA Turkey Disputes Summit \u0130stanbul&#039;da Topland\u0131 konulu yaz\u0131y\u0131 incelemek i\u00e7in sitemizi ziyaret edin.\" \/>\n<meta name=\"robots\" content=\"index, follow, max-snippet:-1, max-image-preview:large, max-video-preview:-1\" \/>\n<link rel=\"canonical\" href=\"https:\/\/ista.org.tr\/blog\/haberler\/the-legal-500-ista-turkey-disputes-summit-istanbulda-toplandi\/\" \/>\n<meta property=\"og:locale\" content=\"en_US\" \/>\n<meta property=\"og:type\" content=\"article\" \/>\n<meta property=\"og:title\" content=\"The Legal 500 - ISTA Turkey Disputes Summit \u0130stanbul&#039;da Topland\u0131 | \u0130STA\" \/>\n<meta property=\"og:description\" content=\"\u0130STA taraf\u0131ndan yay\u0131nlanan The Legal 500 - ISTA Turkey Disputes Summit \u0130stanbul&#039;da Topland\u0131 konulu yaz\u0131y\u0131 incelemek i\u00e7in sitemizi ziyaret edin.\" \/>\n<meta property=\"og:url\" content=\"https:\/\/ista.org.tr\/blog\/haberler\/the-legal-500-ista-turkey-disputes-summit-istanbulda-toplandi\/\" \/>\n<meta property=\"og:site_name\" content=\"\u0130STA\" \/>\n<meta property=\"article:publisher\" content=\"https:\/\/www.facebook.com\/istatahkim\/\" \/>\n<meta property=\"article:published_time\" content=\"2019-12-05T20:19:43+00:00\" \/>\n<meta property=\"article:modified_time\" content=\"2020-06-02T20:27:07+00:00\" \/>\n<meta property=\"og:image\" content=\"https:\/\/ista.org.tr\/wp-content\/uploads\/2020\/06\/the-legal-500-ista-turkey-disputes-summit-istanbulda-toplandi.jpeg\" \/>\n\t<meta property=\"og:image:width\" content=\"800\" \/>\n\t<meta property=\"og:image:height\" content=\"600\" \/>\n\t<meta property=\"og:image:type\" content=\"image\/jpeg\" \/>\n<meta name=\"author\" content=\"Eyl\u00fcl G\u00f6rm\u00fc\u015f\" \/>\n<meta name=\"twitter:card\" content=\"summary_large_image\" \/>\n<meta name=\"twitter:creator\" content=\"@ISTAtahkim\" \/>\n<meta name=\"twitter:site\" content=\"@ISTAtahkim\" \/>\n<meta name=\"twitter:label1\" content=\"Written by\" \/>\n\t<meta name=\"twitter:data1\" content=\"Eyl\u00fcl G\u00f6rm\u00fc\u015f\" \/>\n\t<meta name=\"twitter:label2\" content=\"Est. reading time\" \/>\n\t<meta name=\"twitter:data2\" content=\"6 minutes\" \/>\n<script type=\"application\/ld+json\" class=\"yoast-schema-graph\">{\"@context\":\"https:\/\/schema.org\",\"@graph\":[{\"@type\":\"Article\",\"@id\":\"https:\/\/ista.org.tr\/blog\/haberler\/the-legal-500-ista-turkey-disputes-summit-istanbulda-toplandi\/#article\",\"isPartOf\":{\"@id\":\"https:\/\/ista.org.tr\/blog\/haberler\/the-legal-500-ista-turkey-disputes-summit-istanbulda-toplandi\/\"},\"author\":{\"name\":\"Eyl\u00fcl G\u00f6rm\u00fc\u015f\",\"@id\":\"https:\/\/ista.org.tr\/#\/schema\/person\/f46bf0e6c7fa248b7fbfb5276ea6e634\"},\"headline\":\"The Legal 500 &#8211; ISTA Turkey Disputes Summit \u0130stanbul&#8217;da Topland\u0131\",\"datePublished\":\"2019-12-05T20:19:43+00:00\",\"dateModified\":\"2020-06-02T20:27:07+00:00\",\"mainEntityOfPage\":{\"@id\":\"https:\/\/ista.org.tr\/blog\/haberler\/the-legal-500-ista-turkey-disputes-summit-istanbulda-toplandi\/\"},\"wordCount\":1239,\"commentCount\":0,\"publisher\":{\"@id\":\"https:\/\/ista.org.tr\/#organization\"},\"keywords\":[\"tahkim tart\u0131\u015fmalar\u0131\"],\"articleSection\":[\"Haberler\",\"\u0130STA'dan Haberler\"],\"inLanguage\":\"en-US\",\"potentialAction\":[{\"@type\":\"CommentAction\",\"name\":\"Comment\",\"target\":[\"https:\/\/ista.org.tr\/blog\/haberler\/the-legal-500-ista-turkey-disputes-summit-istanbulda-toplandi\/#respond\"]}]},{\"@type\":\"WebPage\",\"@id\":\"https:\/\/ista.org.tr\/blog\/haberler\/the-legal-500-ista-turkey-disputes-summit-istanbulda-toplandi\/\",\"url\":\"https:\/\/ista.org.tr\/blog\/haberler\/the-legal-500-ista-turkey-disputes-summit-istanbulda-toplandi\/\",\"name\":\"The Legal 500 - ISTA Turkey Disputes Summit \u0130stanbul'da Topland\u0131 | \u0130STA\",\"isPartOf\":{\"@id\":\"https:\/\/ista.org.tr\/#website\"},\"datePublished\":\"2019-12-05T20:19:43+00:00\",\"dateModified\":\"2020-06-02T20:27:07+00:00\",\"description\":\"\u0130STA taraf\u0131ndan yay\u0131nlanan The Legal 500 - ISTA Turkey Disputes Summit \u0130stanbul'da Topland\u0131 konulu yaz\u0131y\u0131 incelemek i\u00e7in sitemizi ziyaret edin.\",\"breadcrumb\":{\"@id\":\"https:\/\/ista.org.tr\/blog\/haberler\/the-legal-500-ista-turkey-disputes-summit-istanbulda-toplandi\/#breadcrumb\"},\"inLanguage\":\"en-US\",\"potentialAction\":[{\"@type\":\"ReadAction\",\"target\":[\"https:\/\/ista.org.tr\/blog\/haberler\/the-legal-500-ista-turkey-disputes-summit-istanbulda-toplandi\/\"]}]},{\"@type\":\"BreadcrumbList\",\"@id\":\"https:\/\/ista.org.tr\/blog\/haberler\/the-legal-500-ista-turkey-disputes-summit-istanbulda-toplandi\/#breadcrumb\",\"itemListElement\":[{\"@type\":\"ListItem\",\"position\":1,\"name\":\"Ana sayfa\",\"item\":\"https:\/\/ista.org.tr\/\"},{\"@type\":\"ListItem\",\"position\":2,\"name\":\"The Legal 500 &#8211; ISTA Turkey Disputes Summit \u0130stanbul&#8217;da Topland\u0131\"}]},{\"@type\":\"WebSite\",\"@id\":\"https:\/\/ista.org.tr\/#website\",\"url\":\"https:\/\/ista.org.tr\/\",\"name\":\"\u0130STA\",\"description\":\"\u0130stanbul Tahkim Derne\u011fi\",\"publisher\":{\"@id\":\"https:\/\/ista.org.tr\/#organization\"},\"potentialAction\":[{\"@type\":\"SearchAction\",\"target\":{\"@type\":\"EntryPoint\",\"urlTemplate\":\"https:\/\/ista.org.tr\/?s={search_term_string}\"},\"query-input\":\"required name=search_term_string\"}],\"inLanguage\":\"en-US\"},{\"@type\":\"Organization\",\"@id\":\"https:\/\/ista.org.tr\/#organization\",\"name\":\"\u0130stanbul Tahkim Derne\u011fi\",\"url\":\"https:\/\/ista.org.tr\/\",\"logo\":{\"@type\":\"ImageObject\",\"inLanguage\":\"en-US\",\"@id\":\"https:\/\/ista.org.tr\/#\/schema\/logo\/image\/\",\"url\":\"https:\/\/ista.org.tr\/wp-content\/uploads\/2019\/12\/ista-logo.png\",\"contentUrl\":\"https:\/\/ista.org.tr\/wp-content\/uploads\/2019\/12\/ista-logo.png\",\"width\":400,\"height\":400,\"caption\":\"\u0130stanbul Tahkim Derne\u011fi\"},\"image\":{\"@id\":\"https:\/\/ista.org.tr\/#\/schema\/logo\/image\/\"},\"sameAs\":[\"https:\/\/www.youtube.com\/channel\/UCZeVp4QaClBT9w13rtPk44Q\/videos\",\"https:\/\/www.facebook.com\/istatahkim\/\",\"https:\/\/twitter.com\/ISTAtahkim\"]},{\"@type\":\"Person\",\"@id\":\"https:\/\/ista.org.tr\/#\/schema\/person\/f46bf0e6c7fa248b7fbfb5276ea6e634\",\"name\":\"Eyl\u00fcl G\u00f6rm\u00fc\u015f\",\"image\":{\"@type\":\"ImageObject\",\"inLanguage\":\"en-US\",\"@id\":\"https:\/\/ista.org.tr\/#\/schema\/person\/image\/\",\"url\":\"https:\/\/secure.gravatar.com\/avatar\/df97169739e0f4433bb404f0975f5761?s=96&d=mm&r=g\",\"contentUrl\":\"https:\/\/secure.gravatar.com\/avatar\/df97169739e0f4433bb404f0975f5761?s=96&d=mm&r=g\",\"caption\":\"Eyl\u00fcl G\u00f6rm\u00fc\u015f\"},\"sameAs\":[\"https:\/\/yakinda.org\"]}]}<\/script>\n<!-- \/ Yoast SEO plugin. -->","yoast_head_json":{"title":"The Legal 500 - ISTA Turkey Disputes Summit \u0130stanbul'da Topland\u0131 | \u0130STA","description":"\u0130STA taraf\u0131ndan yay\u0131nlanan The Legal 500 - ISTA Turkey Disputes Summit \u0130stanbul'da Topland\u0131 konulu yaz\u0131y\u0131 incelemek i\u00e7in sitemizi ziyaret edin.","robots":{"index":"index","follow":"follow","max-snippet":"max-snippet:-1","max-image-preview":"max-image-preview:large","max-video-preview":"max-video-preview:-1"},"canonical":"https:\/\/ista.org.tr\/blog\/haberler\/the-legal-500-ista-turkey-disputes-summit-istanbulda-toplandi\/","og_locale":"en_US","og_type":"article","og_title":"The Legal 500 - ISTA Turkey Disputes Summit \u0130stanbul'da Topland\u0131 | \u0130STA","og_description":"\u0130STA taraf\u0131ndan yay\u0131nlanan The Legal 500 - ISTA Turkey Disputes Summit \u0130stanbul'da Topland\u0131 konulu yaz\u0131y\u0131 incelemek i\u00e7in sitemizi ziyaret edin.","og_url":"https:\/\/ista.org.tr\/blog\/haberler\/the-legal-500-ista-turkey-disputes-summit-istanbulda-toplandi\/","og_site_name":"\u0130STA","article_publisher":"https:\/\/www.facebook.com\/istatahkim\/","article_published_time":"2019-12-05T20:19:43+00:00","article_modified_time":"2020-06-02T20:27:07+00:00","og_image":[{"width":800,"height":600,"url":"https:\/\/ista.org.tr\/wp-content\/uploads\/2020\/06\/the-legal-500-ista-turkey-disputes-summit-istanbulda-toplandi.jpeg","type":"image\/jpeg"}],"author":"Eyl\u00fcl G\u00f6rm\u00fc\u015f","twitter_card":"summary_large_image","twitter_creator":"@ISTAtahkim","twitter_site":"@ISTAtahkim","twitter_misc":{"Written by":"Eyl\u00fcl G\u00f6rm\u00fc\u015f","Est. reading time":"6 minutes"},"schema":{"@context":"https:\/\/schema.org","@graph":[{"@type":"Article","@id":"https:\/\/ista.org.tr\/blog\/haberler\/the-legal-500-ista-turkey-disputes-summit-istanbulda-toplandi\/#article","isPartOf":{"@id":"https:\/\/ista.org.tr\/blog\/haberler\/the-legal-500-ista-turkey-disputes-summit-istanbulda-toplandi\/"},"author":{"name":"Eyl\u00fcl G\u00f6rm\u00fc\u015f","@id":"https:\/\/ista.org.tr\/#\/schema\/person\/f46bf0e6c7fa248b7fbfb5276ea6e634"},"headline":"The Legal 500 &#8211; ISTA Turkey Disputes Summit \u0130stanbul&#8217;da Topland\u0131","datePublished":"2019-12-05T20:19:43+00:00","dateModified":"2020-06-02T20:27:07+00:00","mainEntityOfPage":{"@id":"https:\/\/ista.org.tr\/blog\/haberler\/the-legal-500-ista-turkey-disputes-summit-istanbulda-toplandi\/"},"wordCount":1239,"commentCount":0,"publisher":{"@id":"https:\/\/ista.org.tr\/#organization"},"keywords":["tahkim tart\u0131\u015fmalar\u0131"],"articleSection":["Haberler","\u0130STA'dan Haberler"],"inLanguage":"en-US","potentialAction":[{"@type":"CommentAction","name":"Comment","target":["https:\/\/ista.org.tr\/blog\/haberler\/the-legal-500-ista-turkey-disputes-summit-istanbulda-toplandi\/#respond"]}]},{"@type":"WebPage","@id":"https:\/\/ista.org.tr\/blog\/haberler\/the-legal-500-ista-turkey-disputes-summit-istanbulda-toplandi\/","url":"https:\/\/ista.org.tr\/blog\/haberler\/the-legal-500-ista-turkey-disputes-summit-istanbulda-toplandi\/","name":"The Legal 500 - ISTA Turkey Disputes Summit \u0130stanbul'da Topland\u0131 | \u0130STA","isPartOf":{"@id":"https:\/\/ista.org.tr\/#website"},"datePublished":"2019-12-05T20:19:43+00:00","dateModified":"2020-06-02T20:27:07+00:00","description":"\u0130STA taraf\u0131ndan yay\u0131nlanan The Legal 500 - ISTA Turkey Disputes Summit \u0130stanbul'da Topland\u0131 konulu yaz\u0131y\u0131 incelemek i\u00e7in sitemizi ziyaret edin.","breadcrumb":{"@id":"https:\/\/ista.org.tr\/blog\/haberler\/the-legal-500-ista-turkey-disputes-summit-istanbulda-toplandi\/#breadcrumb"},"inLanguage":"en-US","potentialAction":[{"@type":"ReadAction","target":["https:\/\/ista.org.tr\/blog\/haberler\/the-legal-500-ista-turkey-disputes-summit-istanbulda-toplandi\/"]}]},{"@type":"BreadcrumbList","@id":"https:\/\/ista.org.tr\/blog\/haberler\/the-legal-500-ista-turkey-disputes-summit-istanbulda-toplandi\/#breadcrumb","itemListElement":[{"@type":"ListItem","position":1,"name":"Ana sayfa","item":"https:\/\/ista.org.tr\/"},{"@type":"ListItem","position":2,"name":"The Legal 500 &#8211; ISTA Turkey Disputes Summit \u0130stanbul&#8217;da Topland\u0131"}]},{"@type":"WebSite","@id":"https:\/\/ista.org.tr\/#website","url":"https:\/\/ista.org.tr\/","name":"\u0130STA","description":"\u0130stanbul Tahkim Derne\u011fi","publisher":{"@id":"https:\/\/ista.org.tr\/#organization"},"potentialAction":[{"@type":"SearchAction","target":{"@type":"EntryPoint","urlTemplate":"https:\/\/ista.org.tr\/?s={search_term_string}"},"query-input":"required name=search_term_string"}],"inLanguage":"en-US"},{"@type":"Organization","@id":"https:\/\/ista.org.tr\/#organization","name":"\u0130stanbul Tahkim Derne\u011fi","url":"https:\/\/ista.org.tr\/","logo":{"@type":"ImageObject","inLanguage":"en-US","@id":"https:\/\/ista.org.tr\/#\/schema\/logo\/image\/","url":"https:\/\/ista.org.tr\/wp-content\/uploads\/2019\/12\/ista-logo.png","contentUrl":"https:\/\/ista.org.tr\/wp-content\/uploads\/2019\/12\/ista-logo.png","width":400,"height":400,"caption":"\u0130stanbul Tahkim Derne\u011fi"},"image":{"@id":"https:\/\/ista.org.tr\/#\/schema\/logo\/image\/"},"sameAs":["https:\/\/www.youtube.com\/channel\/UCZeVp4QaClBT9w13rtPk44Q\/videos","https:\/\/www.facebook.com\/istatahkim\/","https:\/\/twitter.com\/ISTAtahkim"]},{"@type":"Person","@id":"https:\/\/ista.org.tr\/#\/schema\/person\/f46bf0e6c7fa248b7fbfb5276ea6e634","name":"Eyl\u00fcl G\u00f6rm\u00fc\u015f","image":{"@type":"ImageObject","inLanguage":"en-US","@id":"https:\/\/ista.org.tr\/#\/schema\/person\/image\/","url":"https:\/\/secure.gravatar.com\/avatar\/df97169739e0f4433bb404f0975f5761?s=96&d=mm&r=g","contentUrl":"https:\/\/secure.gravatar.com\/avatar\/df97169739e0f4433bb404f0975f5761?s=96&d=mm&r=g","caption":"Eyl\u00fcl G\u00f6rm\u00fc\u015f"},"sameAs":["https:\/\/yakinda.org"]}]}},"_links":{"self":[{"href":"https:\/\/ista.org.tr\/en\/wp-json\/wp\/v2\/posts\/895"}],"collection":[{"href":"https:\/\/ista.org.tr\/en\/wp-json\/wp\/v2\/posts"}],"about":[{"href":"https:\/\/ista.org.tr\/en\/wp-json\/wp\/v2\/types\/post"}],"author":[{"embeddable":true,"href":"https:\/\/ista.org.tr\/en\/wp-json\/wp\/v2\/users\/1"}],"replies":[{"embeddable":true,"href":"https:\/\/ista.org.tr\/en\/wp-json\/wp\/v2\/comments?post=895"}],"version-history":[{"count":2,"href":"https:\/\/ista.org.tr\/en\/wp-json\/wp\/v2\/posts\/895\/revisions"}],"predecessor-version":[{"id":896,"href":"https:\/\/ista.org.tr\/en\/wp-json\/wp\/v2\/posts\/895\/revisions\/896"}],"wp:featuredmedia":[{"embeddable":true,"href":"https:\/\/ista.org.tr\/en\/wp-json\/wp\/v2\/media\/897"}],"wp:attachment":[{"href":"https:\/\/ista.org.tr\/en\/wp-json\/wp\/v2\/media?parent=895"}],"wp:term":[{"taxonomy":"category","embeddable":true,"href":"https:\/\/ista.org.tr\/en\/wp-json\/wp\/v2\/categories?post=895"},{"taxonomy":"post_tag","embeddable":true,"href":"https:\/\/ista.org.tr\/en\/wp-json\/wp\/v2\/tags?post=895"}],"curies":[{"name":"wp","href":"https:\/\/api.w.org\/{rel}","templated":true}]}}