{"id":916,"date":"2020-01-29T23:43:36","date_gmt":"2020-01-29T20:43:36","guid":{"rendered":"http:\/\/ista.org.tr\/haberler\/islam-isbirligi-teskilati-tahkim-merkezi-copy\/"},"modified":"2020-06-02T23:50:58","modified_gmt":"2020-06-02T20:50:58","slug":"tahkim-okulunda-tahkimde-kulturel-farkliliklari-konustuk","status":"publish","type":"post","link":"https:\/\/ista.org.tr\/en\/blog\/haberler\/tahkim-okulunda-tahkimde-kulturel-farkliliklari-konustuk\/","title":{"rendered":"Tahkim Okulu&#8217;nda Tahkimde K\u00fclt\u00fcrel Farkl\u0131l\u0131klar\u0131 Konu\u015ftuk"},"content":{"rendered":"<p>Y\u00f6netim Kurulu Ba\u015fkan\u0131m\u0131z Mehmet G\u00fcn ve kurumsal \u00fcyemiz G\u00fcn + Partners\u2019dan Av. Bilge Ka\u011fan \u00c7evik, Marmara \u00dcniversitesi Hukuk Fak\u00fcltesi\u2019nde 29 Ocak 2020 d\u00fczenlenen Tahkim Okulu panelinde \u201cTahkim Yarg\u0131lamas\u0131nda Tebligat ve Tahkimde Yabanc\u0131 Avukatla Temsil konulu panele kat\u0131ld\u0131lar.<\/p>\n<div>Marmara \u00dcniversitesi Hukuk Fak\u00fcltesi Milletleraras\u0131 \u00d6zel Hukuk Anabilim Dal\u0131 ve \u0130stanbul Tahkim Merkezi (ISTAC) taraf\u0131ndan d\u00fczenlenen \u201cTahkim Okulu\u201d paneller dizisi ikinci y\u0131l\u0131nda 13. etkinli\u011fe ula\u015ft\u0131. Bu proje kapsam\u0131nda farkl\u0131 tecr\u00fcbe d\u00fczeylerinden tahkim uygulamac\u0131lar\u0131 ve tahkime ili\u015fkin \u00e7al\u0131\u015fmalar\u0131 olan akademisyenleri bir araya getirerek tahkimin farkl\u0131 boyutlar\u0131 ele al\u0131n\u0131yor.<\/p>\n<p>Panelde ayr\u0131ca \u0130stanbul Ayd\u0131n \u00dcniversitesi Hukuk Fak\u00fcltesi Dekan\u0131 Prof. Dr. Vahit Do\u011fan ve Dokuz Eyl\u00fcl \u00dcniversitesi Dr. \u00d6\u011fr. \u00dcyesi Ali G\u00fcmrah Toker de konu\u015fmac\u0131 olarak yer ald\u0131lar.<\/p>\n<p>Bilge Ka\u011fan \u00c7evik&#8217;in sunumunu indirmek\u00a0<a href=\"https:\/\/drive.google.com\/file\/d\/1xDfVdezBkQF7xITjNsvKbOxd2WK1O4Sl\/view?usp=sharing\" target=\"_blank\" rel=\"noopener noreferrer\">i\u00e7in&#8230;<\/a><\/div>\n<div><\/div>\n","protected":false},"excerpt":{"rendered":"<p>Y\u00f6netim Kurulu Ba\u015fkan\u0131m\u0131z Mehmet G\u00fcn ve kurumsal \u00fcyemiz G\u00fcn + Partners\u2019dan Av. Bilge Ka\u011fan \u00c7evik,&#8230;<\/p>\n","protected":false},"author":1,"featured_media":918,"comment_status":"open","ping_status":"open","sticky":false,"template":"","format":"standard","meta":{"_mi_skip_tracking":false},"categories":[4,24],"tags":[121,122],"yoast_head":"<!-- This site is optimized with the Yoast SEO plugin v19.14 - https:\/\/yoast.com\/wordpress\/plugins\/seo\/ -->\n<title>Tahkim Okulu&#039;nda Tahkimde K\u00fclt\u00fcrel Farkl\u0131l\u0131klar\u0131 Konu\u015ftuk | \u0130STA<\/title>\n<meta name=\"description\" content=\"\u0130STA taraf\u0131ndan yay\u0131nlanan Tahkim Okulu&#039;nda Tahkimde K\u00fclt\u00fcrel Farkl\u0131l\u0131klar\u0131 Konu\u015ftuk konulu yaz\u0131y\u0131 incelemek i\u00e7in sitemizi ziyaret edin.\" \/>\n<meta name=\"robots\" content=\"index, follow, max-snippet:-1, max-image-preview:large, max-video-preview:-1\" \/>\n<link rel=\"canonical\" href=\"https:\/\/ista.org.tr\/blog\/haberler\/tahkim-okulunda-tahkimde-kulturel-farkliliklari-konustuk\/\" \/>\n<meta property=\"og:locale\" content=\"en_US\" \/>\n<meta property=\"og:type\" content=\"article\" \/>\n<meta property=\"og:title\" content=\"Tahkim Okulu&#039;nda Tahkimde K\u00fclt\u00fcrel Farkl\u0131l\u0131klar\u0131 Konu\u015ftuk | \u0130STA\" \/>\n<meta property=\"og:description\" content=\"\u0130STA taraf\u0131ndan yay\u0131nlanan Tahkim Okulu&#039;nda Tahkimde K\u00fclt\u00fcrel Farkl\u0131l\u0131klar\u0131 Konu\u015ftuk konulu yaz\u0131y\u0131 incelemek i\u00e7in sitemizi ziyaret edin.\" \/>\n<meta property=\"og:url\" content=\"https:\/\/ista.org.tr\/blog\/haberler\/tahkim-okulunda-tahkimde-kulturel-farkliliklari-konustuk\/\" \/>\n<meta property=\"og:site_name\" content=\"\u0130STA\" \/>\n<meta property=\"article:publisher\" content=\"https:\/\/www.facebook.com\/istatahkim\/\" \/>\n<meta property=\"article:published_time\" content=\"2020-01-29T20:43:36+00:00\" \/>\n<meta property=\"article:modified_time\" content=\"2020-06-02T20:50:58+00:00\" \/>\n<meta property=\"og:image\" content=\"https:\/\/ista.org.tr\/wp-content\/uploads\/2020\/06\/tahkim-okulunda-tahkimde-kulturel-farkliliklari-konustuk.png\" \/>\n\t<meta property=\"og:image:width\" content=\"800\" \/>\n\t<meta property=\"og:image:height\" content=\"598\" \/>\n\t<meta property=\"og:image:type\" content=\"image\/png\" \/>\n<meta name=\"author\" content=\"Eyl\u00fcl G\u00f6rm\u00fc\u015f\" \/>\n<meta name=\"twitter:card\" content=\"summary_large_image\" \/>\n<meta name=\"twitter:creator\" content=\"@ISTAtahkim\" \/>\n<meta name=\"twitter:site\" content=\"@ISTAtahkim\" \/>\n<meta name=\"twitter:label1\" content=\"Written by\" \/>\n\t<meta name=\"twitter:data1\" content=\"Eyl\u00fcl G\u00f6rm\u00fc\u015f\" \/>\n\t<meta name=\"twitter:label2\" content=\"Est. reading time\" \/>\n\t<meta name=\"twitter:data2\" content=\"1 minute\" \/>\n<script type=\"application\/ld+json\" class=\"yoast-schema-graph\">{\"@context\":\"https:\/\/schema.org\",\"@graph\":[{\"@type\":\"Article\",\"@id\":\"https:\/\/ista.org.tr\/blog\/haberler\/tahkim-okulunda-tahkimde-kulturel-farkliliklari-konustuk\/#article\",\"isPartOf\":{\"@id\":\"https:\/\/ista.org.tr\/blog\/haberler\/tahkim-okulunda-tahkimde-kulturel-farkliliklari-konustuk\/\"},\"author\":{\"name\":\"Eyl\u00fcl G\u00f6rm\u00fc\u015f\",\"@id\":\"https:\/\/ista.org.tr\/#\/schema\/person\/f46bf0e6c7fa248b7fbfb5276ea6e634\"},\"headline\":\"Tahkim Okulu&#8217;nda Tahkimde K\u00fclt\u00fcrel Farkl\u0131l\u0131klar\u0131 Konu\u015ftuk\",\"datePublished\":\"2020-01-29T20:43:36+00:00\",\"dateModified\":\"2020-06-02T20:50:58+00:00\",\"mainEntityOfPage\":{\"@id\":\"https:\/\/ista.org.tr\/blog\/haberler\/tahkim-okulunda-tahkimde-kulturel-farkliliklari-konustuk\/\"},\"wordCount\":164,\"commentCount\":0,\"publisher\":{\"@id\":\"https:\/\/ista.org.tr\/#organization\"},\"keywords\":[\"Marmara \u00dcniversitesi\",\"Tahkim Okulu\"],\"articleSection\":[\"Haberler\",\"Tahkim Etkinlikleri\"],\"inLanguage\":\"en-US\",\"potentialAction\":[{\"@type\":\"CommentAction\",\"name\":\"Comment\",\"target\":[\"https:\/\/ista.org.tr\/blog\/haberler\/tahkim-okulunda-tahkimde-kulturel-farkliliklari-konustuk\/#respond\"]}]},{\"@type\":\"WebPage\",\"@id\":\"https:\/\/ista.org.tr\/blog\/haberler\/tahkim-okulunda-tahkimde-kulturel-farkliliklari-konustuk\/\",\"url\":\"https:\/\/ista.org.tr\/blog\/haberler\/tahkim-okulunda-tahkimde-kulturel-farkliliklari-konustuk\/\",\"name\":\"Tahkim Okulu'nda Tahkimde K\u00fclt\u00fcrel Farkl\u0131l\u0131klar\u0131 Konu\u015ftuk | \u0130STA\",\"isPartOf\":{\"@id\":\"https:\/\/ista.org.tr\/#website\"},\"datePublished\":\"2020-01-29T20:43:36+00:00\",\"dateModified\":\"2020-06-02T20:50:58+00:00\",\"description\":\"\u0130STA taraf\u0131ndan yay\u0131nlanan Tahkim Okulu'nda Tahkimde K\u00fclt\u00fcrel Farkl\u0131l\u0131klar\u0131 Konu\u015ftuk konulu yaz\u0131y\u0131 incelemek i\u00e7in sitemizi ziyaret edin.\",\"breadcrumb\":{\"@id\":\"https:\/\/ista.org.tr\/blog\/haberler\/tahkim-okulunda-tahkimde-kulturel-farkliliklari-konustuk\/#breadcrumb\"},\"inLanguage\":\"en-US\",\"potentialAction\":[{\"@type\":\"ReadAction\",\"target\":[\"https:\/\/ista.org.tr\/blog\/haberler\/tahkim-okulunda-tahkimde-kulturel-farkliliklari-konustuk\/\"]}]},{\"@type\":\"BreadcrumbList\",\"@id\":\"https:\/\/ista.org.tr\/blog\/haberler\/tahkim-okulunda-tahkimde-kulturel-farkliliklari-konustuk\/#breadcrumb\",\"itemListElement\":[{\"@type\":\"ListItem\",\"position\":1,\"name\":\"Ana sayfa\",\"item\":\"https:\/\/ista.org.tr\/\"},{\"@type\":\"ListItem\",\"position\":2,\"name\":\"Tahkim Okulu&#8217;nda Tahkimde K\u00fclt\u00fcrel Farkl\u0131l\u0131klar\u0131 Konu\u015ftuk\"}]},{\"@type\":\"WebSite\",\"@id\":\"https:\/\/ista.org.tr\/#website\",\"url\":\"https:\/\/ista.org.tr\/\",\"name\":\"\u0130STA\",\"description\":\"\u0130stanbul Tahkim Derne\u011fi\",\"publisher\":{\"@id\":\"https:\/\/ista.org.tr\/#organization\"},\"potentialAction\":[{\"@type\":\"SearchAction\",\"target\":{\"@type\":\"EntryPoint\",\"urlTemplate\":\"https:\/\/ista.org.tr\/?s={search_term_string}\"},\"query-input\":\"required name=search_term_string\"}],\"inLanguage\":\"en-US\"},{\"@type\":\"Organization\",\"@id\":\"https:\/\/ista.org.tr\/#organization\",\"name\":\"\u0130stanbul Tahkim Derne\u011fi\",\"url\":\"https:\/\/ista.org.tr\/\",\"logo\":{\"@type\":\"ImageObject\",\"inLanguage\":\"en-US\",\"@id\":\"https:\/\/ista.org.tr\/#\/schema\/logo\/image\/\",\"url\":\"https:\/\/ista.org.tr\/wp-content\/uploads\/2019\/12\/ista-logo.png\",\"contentUrl\":\"https:\/\/ista.org.tr\/wp-content\/uploads\/2019\/12\/ista-logo.png\",\"width\":400,\"height\":400,\"caption\":\"\u0130stanbul Tahkim Derne\u011fi\"},\"image\":{\"@id\":\"https:\/\/ista.org.tr\/#\/schema\/logo\/image\/\"},\"sameAs\":[\"https:\/\/www.youtube.com\/channel\/UCZeVp4QaClBT9w13rtPk44Q\/videos\",\"https:\/\/www.facebook.com\/istatahkim\/\",\"https:\/\/twitter.com\/ISTAtahkim\"]},{\"@type\":\"Person\",\"@id\":\"https:\/\/ista.org.tr\/#\/schema\/person\/f46bf0e6c7fa248b7fbfb5276ea6e634\",\"name\":\"Eyl\u00fcl G\u00f6rm\u00fc\u015f\",\"image\":{\"@type\":\"ImageObject\",\"inLanguage\":\"en-US\",\"@id\":\"https:\/\/ista.org.tr\/#\/schema\/person\/image\/\",\"url\":\"https:\/\/secure.gravatar.com\/avatar\/df97169739e0f4433bb404f0975f5761?s=96&d=mm&r=g\",\"contentUrl\":\"https:\/\/secure.gravatar.com\/avatar\/df97169739e0f4433bb404f0975f5761?s=96&d=mm&r=g\",\"caption\":\"Eyl\u00fcl G\u00f6rm\u00fc\u015f\"},\"sameAs\":[\"https:\/\/yakinda.org\"]}]}<\/script>\n<!-- \/ Yoast SEO plugin. -->","yoast_head_json":{"title":"Tahkim Okulu'nda Tahkimde K\u00fclt\u00fcrel Farkl\u0131l\u0131klar\u0131 Konu\u015ftuk | \u0130STA","description":"\u0130STA taraf\u0131ndan yay\u0131nlanan Tahkim Okulu'nda Tahkimde K\u00fclt\u00fcrel Farkl\u0131l\u0131klar\u0131 Konu\u015ftuk konulu yaz\u0131y\u0131 incelemek i\u00e7in sitemizi ziyaret edin.","robots":{"index":"index","follow":"follow","max-snippet":"max-snippet:-1","max-image-preview":"max-image-preview:large","max-video-preview":"max-video-preview:-1"},"canonical":"https:\/\/ista.org.tr\/blog\/haberler\/tahkim-okulunda-tahkimde-kulturel-farkliliklari-konustuk\/","og_locale":"en_US","og_type":"article","og_title":"Tahkim Okulu'nda Tahkimde K\u00fclt\u00fcrel Farkl\u0131l\u0131klar\u0131 Konu\u015ftuk | \u0130STA","og_description":"\u0130STA taraf\u0131ndan yay\u0131nlanan Tahkim Okulu'nda Tahkimde K\u00fclt\u00fcrel Farkl\u0131l\u0131klar\u0131 Konu\u015ftuk konulu yaz\u0131y\u0131 incelemek i\u00e7in sitemizi ziyaret edin.","og_url":"https:\/\/ista.org.tr\/blog\/haberler\/tahkim-okulunda-tahkimde-kulturel-farkliliklari-konustuk\/","og_site_name":"\u0130STA","article_publisher":"https:\/\/www.facebook.com\/istatahkim\/","article_published_time":"2020-01-29T20:43:36+00:00","article_modified_time":"2020-06-02T20:50:58+00:00","og_image":[{"width":800,"height":598,"url":"https:\/\/ista.org.tr\/wp-content\/uploads\/2020\/06\/tahkim-okulunda-tahkimde-kulturel-farkliliklari-konustuk.png","type":"image\/png"}],"author":"Eyl\u00fcl G\u00f6rm\u00fc\u015f","twitter_card":"summary_large_image","twitter_creator":"@ISTAtahkim","twitter_site":"@ISTAtahkim","twitter_misc":{"Written by":"Eyl\u00fcl G\u00f6rm\u00fc\u015f","Est. reading time":"1 minute"},"schema":{"@context":"https:\/\/schema.org","@graph":[{"@type":"Article","@id":"https:\/\/ista.org.tr\/blog\/haberler\/tahkim-okulunda-tahkimde-kulturel-farkliliklari-konustuk\/#article","isPartOf":{"@id":"https:\/\/ista.org.tr\/blog\/haberler\/tahkim-okulunda-tahkimde-kulturel-farkliliklari-konustuk\/"},"author":{"name":"Eyl\u00fcl G\u00f6rm\u00fc\u015f","@id":"https:\/\/ista.org.tr\/#\/schema\/person\/f46bf0e6c7fa248b7fbfb5276ea6e634"},"headline":"Tahkim Okulu&#8217;nda Tahkimde K\u00fclt\u00fcrel Farkl\u0131l\u0131klar\u0131 Konu\u015ftuk","datePublished":"2020-01-29T20:43:36+00:00","dateModified":"2020-06-02T20:50:58+00:00","mainEntityOfPage":{"@id":"https:\/\/ista.org.tr\/blog\/haberler\/tahkim-okulunda-tahkimde-kulturel-farkliliklari-konustuk\/"},"wordCount":164,"commentCount":0,"publisher":{"@id":"https:\/\/ista.org.tr\/#organization"},"keywords":["Marmara \u00dcniversitesi","Tahkim Okulu"],"articleSection":["Haberler","Tahkim Etkinlikleri"],"inLanguage":"en-US","potentialAction":[{"@type":"CommentAction","name":"Comment","target":["https:\/\/ista.org.tr\/blog\/haberler\/tahkim-okulunda-tahkimde-kulturel-farkliliklari-konustuk\/#respond"]}]},{"@type":"WebPage","@id":"https:\/\/ista.org.tr\/blog\/haberler\/tahkim-okulunda-tahkimde-kulturel-farkliliklari-konustuk\/","url":"https:\/\/ista.org.tr\/blog\/haberler\/tahkim-okulunda-tahkimde-kulturel-farkliliklari-konustuk\/","name":"Tahkim Okulu'nda Tahkimde K\u00fclt\u00fcrel Farkl\u0131l\u0131klar\u0131 Konu\u015ftuk | \u0130STA","isPartOf":{"@id":"https:\/\/ista.org.tr\/#website"},"datePublished":"2020-01-29T20:43:36+00:00","dateModified":"2020-06-02T20:50:58+00:00","description":"\u0130STA taraf\u0131ndan yay\u0131nlanan Tahkim Okulu'nda Tahkimde K\u00fclt\u00fcrel Farkl\u0131l\u0131klar\u0131 Konu\u015ftuk konulu yaz\u0131y\u0131 incelemek i\u00e7in sitemizi ziyaret edin.","breadcrumb":{"@id":"https:\/\/ista.org.tr\/blog\/haberler\/tahkim-okulunda-tahkimde-kulturel-farkliliklari-konustuk\/#breadcrumb"},"inLanguage":"en-US","potentialAction":[{"@type":"ReadAction","target":["https:\/\/ista.org.tr\/blog\/haberler\/tahkim-okulunda-tahkimde-kulturel-farkliliklari-konustuk\/"]}]},{"@type":"BreadcrumbList","@id":"https:\/\/ista.org.tr\/blog\/haberler\/tahkim-okulunda-tahkimde-kulturel-farkliliklari-konustuk\/#breadcrumb","itemListElement":[{"@type":"ListItem","position":1,"name":"Ana sayfa","item":"https:\/\/ista.org.tr\/"},{"@type":"ListItem","position":2,"name":"Tahkim Okulu&#8217;nda Tahkimde K\u00fclt\u00fcrel Farkl\u0131l\u0131klar\u0131 Konu\u015ftuk"}]},{"@type":"WebSite","@id":"https:\/\/ista.org.tr\/#website","url":"https:\/\/ista.org.tr\/","name":"\u0130STA","description":"\u0130stanbul Tahkim Derne\u011fi","publisher":{"@id":"https:\/\/ista.org.tr\/#organization"},"potentialAction":[{"@type":"SearchAction","target":{"@type":"EntryPoint","urlTemplate":"https:\/\/ista.org.tr\/?s={search_term_string}"},"query-input":"required name=search_term_string"}],"inLanguage":"en-US"},{"@type":"Organization","@id":"https:\/\/ista.org.tr\/#organization","name":"\u0130stanbul Tahkim Derne\u011fi","url":"https:\/\/ista.org.tr\/","logo":{"@type":"ImageObject","inLanguage":"en-US","@id":"https:\/\/ista.org.tr\/#\/schema\/logo\/image\/","url":"https:\/\/ista.org.tr\/wp-content\/uploads\/2019\/12\/ista-logo.png","contentUrl":"https:\/\/ista.org.tr\/wp-content\/uploads\/2019\/12\/ista-logo.png","width":400,"height":400,"caption":"\u0130stanbul Tahkim Derne\u011fi"},"image":{"@id":"https:\/\/ista.org.tr\/#\/schema\/logo\/image\/"},"sameAs":["https:\/\/www.youtube.com\/channel\/UCZeVp4QaClBT9w13rtPk44Q\/videos","https:\/\/www.facebook.com\/istatahkim\/","https:\/\/twitter.com\/ISTAtahkim"]},{"@type":"Person","@id":"https:\/\/ista.org.tr\/#\/schema\/person\/f46bf0e6c7fa248b7fbfb5276ea6e634","name":"Eyl\u00fcl G\u00f6rm\u00fc\u015f","image":{"@type":"ImageObject","inLanguage":"en-US","@id":"https:\/\/ista.org.tr\/#\/schema\/person\/image\/","url":"https:\/\/secure.gravatar.com\/avatar\/df97169739e0f4433bb404f0975f5761?s=96&d=mm&r=g","contentUrl":"https:\/\/secure.gravatar.com\/avatar\/df97169739e0f4433bb404f0975f5761?s=96&d=mm&r=g","caption":"Eyl\u00fcl G\u00f6rm\u00fc\u015f"},"sameAs":["https:\/\/yakinda.org"]}]}},"_links":{"self":[{"href":"https:\/\/ista.org.tr\/en\/wp-json\/wp\/v2\/posts\/916"}],"collection":[{"href":"https:\/\/ista.org.tr\/en\/wp-json\/wp\/v2\/posts"}],"about":[{"href":"https:\/\/ista.org.tr\/en\/wp-json\/wp\/v2\/types\/post"}],"author":[{"embeddable":true,"href":"https:\/\/ista.org.tr\/en\/wp-json\/wp\/v2\/users\/1"}],"replies":[{"embeddable":true,"href":"https:\/\/ista.org.tr\/en\/wp-json\/wp\/v2\/comments?post=916"}],"version-history":[{"count":2,"href":"https:\/\/ista.org.tr\/en\/wp-json\/wp\/v2\/posts\/916\/revisions"}],"predecessor-version":[{"id":919,"href":"https:\/\/ista.org.tr\/en\/wp-json\/wp\/v2\/posts\/916\/revisions\/919"}],"wp:featuredmedia":[{"embeddable":true,"href":"https:\/\/ista.org.tr\/en\/wp-json\/wp\/v2\/media\/918"}],"wp:attachment":[{"href":"https:\/\/ista.org.tr\/en\/wp-json\/wp\/v2\/media?parent=916"}],"wp:term":[{"taxonomy":"category","embeddable":true,"href":"https:\/\/ista.org.tr\/en\/wp-json\/wp\/v2\/categories?post=916"},{"taxonomy":"post_tag","embeddable":true,"href":"https:\/\/ista.org.tr\/en\/wp-json\/wp\/v2\/tags?post=916"}],"curies":[{"name":"wp","href":"https:\/\/api.w.org\/{rel}","templated":true}]}}