{"id":946,"date":"2020-04-06T00:32:52","date_gmt":"2020-04-05T21:32:52","guid":{"rendered":"http:\/\/ista.org.tr\/ista-blog\/haberler\/idlib-icin-taziye-mesaji-copy\/"},"modified":"2020-06-03T00:54:20","modified_gmt":"2020-06-02T21:54:20","slug":"7226-sayili-kanun-cercevesinde-tahkimde-sureler-konusunda-doktrin-gorusleri-ve-itotam-divan-karari","status":"publish","type":"post","link":"https:\/\/ista.org.tr\/en\/blog\/makaleler-ve-yorumlar\/7226-sayili-kanun-cercevesinde-tahkimde-sureler-konusunda-doktrin-gorusleri-ve-itotam-divan-karari\/","title":{"rendered":"7226 Say\u0131l\u0131 Kanun \u00c7er\u00e7evesinde Tahkimde S\u00fcreler Konusunda Doktrin G\u00f6r\u00fc\u015fleri ve \u0130TOTAM Divan Karar\u0131"},"content":{"rendered":"<p>ISTAC Ba\u015fkan\u0131 Prof. Dr. Ziya Ak\u0131nc\u0131<a href=\"http:\/\/ista.org.tr\/tr\/blog\/7226-sayili-kanun-cercevesinde-tahkimde-sureler-konusunda-doktrin-gorusleri-ve-itotam-divan-karari#_edn1\" name=\"_ednref1\">[i]<\/a>\u00a0Avukatlar Kul\u00fcb\u00fc Bulu\u015fmalar\u0131 kapsam\u0131nda 30 Mart tarihinde d\u00fczenlenen Youtube canl\u0131 yay\u0131n\u0131nda Tahkimde S\u00fcreler konusunda a\u015fa\u011f\u0131daki hususlara de\u011finmi\u015ftir:<\/p>\n<div>\n<p><i>\u00b7 7226 Say\u0131l\u0131 Kanun\u2019un adli s\u00fcrelerin durdurulmas\u0131na ili\u015fkin olarak d\u00fczenlenen Ge\u00e7ici 1. maddesinde<a href=\"http:\/\/ista.org.tr\/tr\/blog\/7226-sayili-kanun-cercevesinde-tahkimde-sureler-konusunda-doktrin-gorusleri-ve-itotam-divan-karari#_edn2\" name=\"_ednref2\">[ii]<\/a>\u00a0tahkimdeki s\u00fcrelere ili\u015fkin herhangi bir h\u00fck\u00fcm bulunmamaktad\u0131r.<\/i><\/p>\n<p><i>\u00b7 HMK\u2019n\u0131n 444. maddesinde<a href=\"http:\/\/ista.org.tr\/tr\/blog\/7226-sayili-kanun-cercevesinde-tahkimde-sureler-konusunda-doktrin-gorusleri-ve-itotam-divan-karari#_edn3\" name=\"_ednref3\">[iii]<\/a>\u00a0a\u00e7\u0131k\u00e7a aksi belirtilmedik\u00e7e 11. madde d\u0131\u015f\u0131ndaki h\u00fck\u00fcmlerin tahkime uygulanmayaca\u011f\u0131 belirtilmi\u015ftir. Ayn\u0131 \u015fekilde MTK 17. maddesinde de HMK\u2019daki h\u00fck\u00fcmlerin aksi belirtilmedik\u00e7e tahkime uygulanmayaca\u011f\u0131 belirtilmi\u015ftir.\u00a0<a href=\"http:\/\/ista.org.tr\/tr\/blog\/7226-sayili-kanun-cercevesinde-tahkimde-sureler-konusunda-doktrin-gorusleri-ve-itotam-divan-karari#_edn4\" name=\"_ednref4\">[iv]<\/a><\/i><\/p>\n<p><i>\u00b7 Taraflar s\u00fcrelerin durdurulmas\u0131n\u0131 istiyorlarsa mutab\u0131k kalarak tahkimi durdurabilirler. Neticede tahkimin \u00f6z\u00fc iradidir ve hakemden s\u00fcrelerin durdurulmas\u0131n\u0131 veya uzat\u0131lmas\u0131n\u0131 isteyebilirler. Bu sebeple s\u00fcrelerin durmas\u0131 veya uzamas\u0131 taraflar\u0131n ortak iradesiyle veya taraflardan birinin hakeme m\u00fcracaat etmesi suretiyle m\u00fcmk\u00fcnd\u00fcr.<\/i><\/p>\n<p><i>\u00b7 Taraflar\u0131n birinin talebinin di\u011fer yanca kabul edilmemesi halinde hakeme m\u00fcracaat edilerek pandemi d\u00f6neninde dilek\u00e7e ve delillerin sunulmas\u0131n\u0131n m\u00fcmk\u00fcn olmad\u0131\u011f\u0131 gerek\u00e7esiyle s\u00fcre uzat\u0131m talebinde bulunmak m\u00fcmk\u00fcnd\u00fcr. \u0130\u00e7inde bulundu\u011fumuz fevkalade ve herkesin anlayabilece\u011fi insani durumda s\u00fcre verilmesi de makul olacakt\u0131r. Aksi durum hukuki dinlenilme hakk\u0131n\u0131n ihlali anlam\u0131na dahi gelebilir.<\/i><\/p>\n<p><i>\u00b7 ISTAC bu s\u00fcre\u00e7te faaliyetlerine devam etmekte, \u00e7al\u0131\u015fanlar evden hizmet vermekle birlikte telefon ve e-posta ileti\u015fiminde ve kuryelerin al\u0131nmas\u0131nda hi\u00e7bir kesinti bulunmamaktad\u0131r. Tahkim davalar\u0131 da taraflar\u0131n ve hakemin karar\u0131na g\u00f6re video-konferans \u00fczerinden d\u00fczenlenebilmektedir.<\/i><\/p>\n<p>\u00d6te yandan \u0130TOTAM Ba\u015fkan\u0131 Prof. Dr. Hakan Pekcan\u0131tez ise yeni tarihli makalesindede<a href=\"http:\/\/ista.org.tr\/tr\/blog\/7226-sayili-kanun-cercevesinde-tahkimde-sureler-konusunda-doktrin-gorusleri-ve-itotam-divan-karari#_edn5\" name=\"_ednref5\">[v]<\/a>\u00a0aynen a\u015fa\u011f\u0131daki \u015fekilde 7226 Say\u0131l\u0131 Kanun\u2019un adli s\u00fcrelerin durdurulmas\u0131na ili\u015fkin olarak d\u00fczenlenen Ge\u00e7ici 1. maddesin tahkim davalar\u0131 bak\u0131m\u0131ndan da ge\u00e7erli oldu\u011funu belirtmektedir:<\/p>\n<p><i>\u201cKanunda genel olarak davadan s\u00f6z edilirken, \u00f6zel olarak tahkimde a\u00e7\u0131lacak olan davalar bak\u0131m\u0131ndan \u00f6zel bir h\u00fck\u00fcm getirilmemi\u015ftir. Kanaatimce Kanunun kabul\u00fcn\u00fc gerektiren ko\u015fullar ve amac\u0131, tahkim davalar\u0131 bak\u0131m\u0131ndan da ge\u00e7erli oldu\u011fundan, buradaki s\u00fcrelerin durmas\u0131n\u0131,\u00a0<a href=\"https:\/\/www.lexpera.com.tr\/mevzuat\/kanunlar\/hukuk-muhakemeleri-kanunu-6100\">Hukuk Muhakemeleri Kanununa<\/a>\u00a0g\u00f6re tahkim yolu ile a\u00e7\u0131lacak ya da a\u00e7\u0131lm\u0131\u015f davalar bak\u0131m\u0131ndan da ge\u00e7erli k\u0131lmak gerekir. Ancak kurumsal tahkim kurallar\u0131 hakk\u0131nda s\u00fcrelerin durmas\u0131 s\u00f6z konusu olmayacakt\u0131r. Bu konuda kurumlar kendileri s\u00fcre bak\u0131m\u0131nda genel bir d\u00fczenleme yapabilirler. Yine t\u00fcketici hukuku bak\u0131m\u0131ndan hakem heyetine yap\u0131lacak ba\u015fvurular hakk\u0131ndaki s\u00fcrelerin de 13.3.2020 tarihinden itibaren duraca\u011f\u0131n\u0131 kabul etmek gerekir.\u201d<\/i><\/p>\n<p>Bu konuda \u0130TOTAM Tahkim Divan\u0131 ise 30 Mart 2020 tarihli karar\u0131nda<a href=\"http:\/\/ista.org.tr\/tr\/blog\/7226-sayili-kanun-cercevesinde-tahkimde-sureler-konusunda-doktrin-gorusleri-ve-itotam-divan-karari#_edn6\" name=\"_ednref6\">[vi]<\/a>\u00a0ise tahkimine konu olan s\u00fcreler i\u00e7in aynen a\u015fa\u011f\u0131daki \u015fekilde karar alm\u0131\u015ft\u0131r:<\/p>\n<p><i>\u00dclkemizdeki Covid-19 salg\u0131n hastal\u0131\u011f\u0131 sebebiyle yarg\u0131 alan\u0131ndaki hak kay\u0131plar\u0131n\u0131n \u00f6nlenmesi amac\u0131yla; 22.03.2020 g\u00fcn ve 31076 say\u0131l\u0131 Resmi Gazetede yay\u0131mlanan 2279 say\u0131l\u0131 Cumhurba\u015fkan\u0131 Karar\u0131 ile fevkal\u00e2de hallerde tatilden daha geni\u015f bir uygulama kabul edilmi\u015ftir. Cumhurba\u015fkan\u0131 Karar\u0131nda takiplerin durmas\u0131 yan\u0131nda,<\/i><\/p>\n<p><i>\u00b7 icra ve ifl\u00e2s hukuku ile taraf ve takip i\u015flemleri yap\u0131lmamas\u0131na,<\/i><\/p>\n<p><i>\u00b7 yeni icra takiplerinin al\u0131nmamas\u0131na ve<\/i><\/p>\n<p><i>\u00b7 ihtiyati haciz kararlar\u0131n\u0131n icra ve infaz edilmemesine de karar verilmi\u015ftir.<\/i><\/p>\n<p><i>Fevkal\u00e2de m\u00fchlet s\u00fcresi i\u00e7inde, yani 20.03.2020 il\u00e2 30.04.2020 tarihleri aras\u0131nda t\u00fcm icra ve ifl\u00e2s takiplerinin durmas\u0131na karar verilmi\u015ftir. B\u00f6ylelikle mevcut takipler bak\u0131m\u0131ndan yap\u0131lacak takip i\u015flemleri bak\u0131m\u0131ndan s\u00fcreler, fevkal\u00e2de m\u00fchlet s\u00fcresi boyunca i\u015flemeyecektir.<\/i><\/p>\n<p><i>Fevkal\u00e2de m\u00fchlet hakk\u0131nda Cumhurba\u015fkan\u0131 Karar\u0131ndan sonra, 7226 say\u0131l\u0131 Baz\u0131 Kanunlarda De\u011fi\u015fiklik Yap\u0131lmas\u0131na Dair Kanunun Ge\u00e7ici 1. maddesi ile s\u00fcrelerin durdurulmas\u0131 hakk\u0131nda ikinci bir d\u00fczenleme yap\u0131lm\u0131\u015ft\u0131r.<\/i><\/p>\n<p><i>[&#8230;]<\/i><\/p>\n<p><i>Her iki d\u00fczenlemede de ihtiyati tedbir karar\u0131 ve ihtiyati haciz karar\u0131 istenmesi \u00f6nlenmemi\u015ftir. Nitekim mahkeme uygulamas\u0131 da bu y\u00f6ndedir. Bu nedenle an\u0131lan s\u00fcre i\u00e7inde, her iki hukuki koruma \u00f6nlemi talep edilebilecek ve hatta ihtiyati tedbirler hakk\u0131nda verilen karar\u0131n icras\u0131 da istenebilecektir. Bu iki ge\u00e7ici hukuki koruma \u00f6nlemine ili\u015fkin s\u00fcreler de durdurulmam\u0131\u015ft\u0131r.<\/i><\/p>\n<p><i>Gerek Cumhurba\u015fkan\u0131 Karar\u0131nda ve gerekse 7226 say\u0131l\u0131 Kanunda kurumsal tahkime ili\u015fkin h\u00fck\u00fcmler hakk\u0131nda bir d\u00fczenleme bulunmamaktad\u0131r. Bununla birlikte salg\u0131n\u0131n sonu\u00e7lar\u0131n\u0131n ayn\u0131 olmas\u0131 sebebiyle, \u0130TOTAM\u2019da a\u00e7\u0131lm\u0131\u015f olan t\u00fcm tahkim davalar\u0131na ve arabuluculuk s\u00fcre\u00e7lerine ili\u015fkin s\u00fcreler ile hakemler, arabulucu veya Genel Sekreterlik taraf\u0131ndan verilmi\u015f bulunan s\u00fcrelerin 30.03.2020 tarihinden 30.04.2020 tarihine kadar durdurulmas\u0131na karar verilmi\u015ftir.<\/i><\/p>\n<p><i>Duran s\u00fcrelerin 30.04.2020 tarihinden sonra kalan s\u00fcresinin on be\u015f g\u00fcnden daha az olmas\u0131 halinde, bu s\u00fcrelere on be\u015f g\u00fcn il\u00e2ve edilecektir.<\/i><\/p>\n<p><i>7226 say\u0131l\u0131 Kanun sadece s\u00fcrelerin durmas\u0131 y\u00f6n\u00fcnde d\u00fczenleme getirdi\u011finden durma s\u00fcresi i\u00e7inde dava a\u00e7\u0131lmas\u0131n\u0131 engelleyen bir h\u00fck\u00fcm bulunmamaktad\u0131r. Bu itibarla, dava a\u00e7\u0131lmas\u0131yla meydana gelen sonu\u00e7lar do\u011facakt\u0131r. Durma s\u00fcresi i\u00e7inde tebligat yap\u0131lmas\u0131n\u0131 \u00f6nleyen bir h\u00fck\u00fcm de bulunmad\u0131\u011f\u0131ndan durma s\u00fcresi i\u00e7inde tebligat yap\u0131labilir. Ancak bu tebligat herhangi bir \u015fekilde s\u00fcrenin i\u015flemeye ba\u015flamas\u0131n\u0131 sa\u011flamayacakt\u0131r. \u00d6rne\u011fin durma s\u00fcresi i\u00e7inde tahkim ba\u015fvurusu yap\u0131l\u0131rsa ba\u015fvuruya cevap s\u00fcresi olan 30 g\u00fcnl\u00fck s\u00fcre 30.04.2020 tarihine kadar cevap s\u00fcresi i\u015flemeye ba\u015flamayacak bu s\u00fcrenin bitiminden sonra s\u00fcre i\u015fleyecektir.<\/i><\/p>\n<p><i>Bu s\u00fcre i\u00e7inde sadece bir t\u00fcr ihtiyati tedbir niteli\u011finden olan acil durum hakemine m\u00fcracaat edilerek karar vermesi istenebilecektir. Ancak, her olay\u0131n niteli\u011fine g\u00f6re yap\u0131lan talepleri de\u011ferlendirip taraflara ilave s\u00fcre verilip verilmeyece\u011fine acil durum hakeminin karar vermesi do\u011fal m\u00fcmk\u00fcnd\u00fcr.<\/i><\/p>\n<p><i><br \/>\n<\/i><i><a href=\"http:\/\/ista.org.tr\/tr\/blog\/7226-sayili-kanun-cercevesinde-tahkimde-sureler-konusunda-doktrin-gorusleri-ve-itotam-divan-karari#_ednref1\" name=\"_edn1\">[i]<\/a>\u00a0Tahkim ve Arabuluculuk D\u00fcnyas\u0131nda Korona Tedbirleri; XXIII. Avukatlar Kul\u00fcb\u00fc Bulu\u015fmas\u0131<\/i><\/p>\n<p><a href=\"https:\/\/www.youtube.com\/watch?v=ekJdIdayA9Y\"><i>https:\/\/www.youtube.com\/watch?v=ekJdIdayA9Y<\/i><\/a><\/p>\n<p><i><a href=\"http:\/\/ista.org.tr\/tr\/blog\/7226-sayili-kanun-cercevesinde-tahkimde-sureler-konusunda-doktrin-gorusleri-ve-itotam-divan-karari#_ednref2\" name=\"_edn2\">[ii]<\/a>\u00a07726 Say\u0131l\u0131 Baz\u0131 Kanunlarda De\u011fi\u015fiklik Yap\u0131lmas\u0131na Dair Kanun Ge\u00e7ici Madde 1 \u2013 (1) Covid-19 salg\u0131n hastal\u0131\u011f\u0131n\u0131n \u00fclkemizde g\u00f6r\u00fclm\u00fc\u015f olmas\u0131 sebebiyle yarg\u0131 alan\u0131ndaki hak kay\u0131plar\u0131n\u0131n \u00f6nlenmesi amac\u0131yla;<\/i><\/p>\n<p><i>a) Dava a\u00e7ma, icra takibi ba\u015flatma, ba\u015fvuru, \u015fik\u00e2yet, itiraz, ihtar, bildirim, ibraz ve zamana\u015f\u0131m\u0131 s\u00fcreleri, hak d\u00fc\u015f\u00fcr\u00fcc\u00fc s\u00fcreler ve zorunlu idari ba\u015fvuru s\u00fcreleri de d\u00e2hil olmak \u00fczere bir hakk\u0131n do\u011fumu, kullan\u0131m\u0131 veya sona ermesine ili\u015fkin t\u00fcm s\u00fcreler; 6\/1\/1982 tarihli ve 2577 say\u0131l\u0131 \u0130dari Yarg\u0131lama Usul\u00fc Kanunu, 4\/12\/2004 tarihli ve 5271 say\u0131l\u0131 Ceza Muhakemesi Kanunu ve 12\/1\/2011 tarihli ve 6100 say\u0131l\u0131 Hukuk Muhakemeleri Kanunu ile usul h\u00fckm\u00fc i\u00e7eren di\u011fer kanunlarda taraflar bak\u0131m\u0131ndan belirlenen s\u00fcreler ve bu kapsamda h\u00e2kim taraf\u0131ndan tayin edilen s\u00fcreler ile arabuluculuk ve uzla\u015ft\u0131rma kurumlar\u0131ndaki s\u00fcreler 13\/3\/2020 (bu tarih d\u00e2hil) tarihinden,<\/i><\/p>\n<p><i>b) 9\/6\/1932 tarihli ve 2004 say\u0131l\u0131 \u0130cra ve \u0130flas Kanunu ile takip hukukuna ili\u015fkin di\u011fer kanunlarda belirlenen s\u00fcreler ve bu kapsamda h\u00e2kim veya icra ve iflas daireleri taraf\u0131ndan tayin edilen s\u00fcreler; nafaka alacaklar\u0131na ili\u015fkin icra takipleri hari\u00e7 olmak \u00fczere t\u00fcm icra ve iflas takipleri, taraf ve takip i\u015flemleri, yeni icra ve iflas takip taleplerinin al\u0131nmas\u0131, ihtiyati haciz kararlar\u0131n\u0131n icra ve infaz\u0131na ili\u015fkin i\u015flemler 22\/3\/2020 (bu tarih d\u00e2hil) tarihinden itibaren 30\/4\/2020 (bu tarih d\u00e2hil) tarihine kadar durur. Bu s\u00fcreler, durma s\u00fcresinin sona erdi\u011fi g\u00fcn\u00fc takip eden g\u00fcnden itibaren i\u015flemeye ba\u015flar. Durma s\u00fcresinin ba\u015flad\u0131\u011f\u0131 tarih itibar\u0131yla, bitimine on be\u015f g\u00fcn ve daha az kalm\u0131\u015f olan s\u00fcreler, durma s\u00fcresinin sona erdi\u011fi g\u00fcn\u00fc takip eden g\u00fcnden ba\u015flamak \u00fczere on be\u015f g\u00fcn uzam\u0131\u015f say\u0131l\u0131r. Salg\u0131n\u0131n devam etmesi halinde Cumhurba\u015fkan\u0131 durma s\u00fcresini alt\u0131 ay\u0131 ge\u00e7memek \u00fczere bir kez uzatabilir ve bu d\u00f6neme ili\u015fkin kapsam\u0131 daraltabilir. Bu kararlar Resm\u00ee Gazete\u2019de yay\u0131mlan\u0131r.<\/i><\/p>\n<p>\u0130lgili kaynaklar<\/p>\n<p>(2) A\u015fa\u011f\u0131daki s\u00fcreler bu maddenin kapsam\u0131 d\u0131\u015f\u0131ndad\u0131r:<\/p>\n<p>a) Su\u00e7 ve ceza, kabahat ve idari yapt\u0131r\u0131m ile disiplin hapsi ve tazyik hapsi i\u00e7in kanunlarda d\u00fczenlenen zamana\u015f\u0131m\u0131 s\u00fcreleri.<\/p>\n<p>b) 5271 say\u0131l\u0131 Kanunda d\u00fczenlenen koruma tedbirlerine ili\u015fkin s\u00fcreler.<\/p>\n<p>c) 6100 say\u0131l\u0131 Kanunda d\u00fczenlenen ihtiyati tedbiri tamamlayan i\u015flemlere ili\u015fkin s\u00fcreler.<\/p>\n<p>(3) 2004 say\u0131l\u0131 Kanun ile takip hukukuna ili\u015fkin di\u011fer kanunlar kapsam\u0131nda;<\/p>\n<p>a) \u0130cra ve iflas daireleri taraf\u0131ndan mal veya haklara ili\u015fkin olarak ilan edilmi\u015f olan sat\u0131\u015f g\u00fcn\u00fcn\u00fcn durma s\u00fcresi i\u00e7inde kalmas\u0131 halinde, bu mal veya haklar i\u00e7in durma s\u00fcresinden sonra yeni bir talep aranmaks\u0131z\u0131n icra ve iflas dairelerince sat\u0131\u015f g\u00fcn\u00fc verilir. Bu durumda sat\u0131\u015f ilan\u0131 sadece elektronik ortamda yap\u0131l\u0131r ve ilan i\u00e7in \u00fccret al\u0131nmaz,<\/p>\n<p>b) Durma s\u00fcresi i\u00e7inde r\u0131zaen yap\u0131lan \u00f6demeler kabul edilir ve taraflardan biri, di\u011fer taraf\u0131n lehine olan i\u015flemlerin yap\u0131lmas\u0131n\u0131 talep edebilir,<\/p>\n<p>c) Konkordato m\u00fchletinin alacakl\u0131 ve bor\u00e7lu bak\u0131m\u0131ndan sonu\u00e7lar\u0131, durma s\u00fcresince devam eder,<\/p>\n<p>\u00e7) \u0130cra ve iflas hizmetlerinin aksamamas\u0131 i\u00e7in gerekli olan di\u011fer tedbirler al\u0131n\u0131r.<\/p>\n<p>(4) Durma s\u00fcresince duru\u015fmalar\u0131n ve m\u00fczakerelerin ertelenmesi de d\u00e2hil olmak \u00fczere al\u0131nmas\u0131 gereken di\u011fer t\u00fcm tedbirler ile buna ili\u015fkin usul ve esaslar\u0131;<\/p>\n<p>a) Yarg\u0131tay ve Dan\u0131\u015ftay bak\u0131m\u0131ndan ilgili Ba\u015fkanlar Kurulu,<\/p>\n<p>b) \u0130lk derece adli ve idari yarg\u0131 mercileri ile b\u00f6lge adliye ve b\u00f6lge idare mahkemeleri bak\u0131m\u0131ndan H\u00e2kimler ve Savc\u0131lar Kurulu,<\/p>\n<p>c) Adalet hizmetleri bak\u0131m\u0131ndan Adalet Bakanl\u0131\u011f\u0131,<\/p>\n<p>belirler.\u201d<\/p>\n<p><a href=\"https:\/\/www.resmigazete.gov.tr\/eskiler\/2020\/03\/20200326M1-1.htm\">https:\/\/www.resmigazete.gov.tr\/eskiler\/2020\/03\/20200326M1-1.htm<\/a><\/p>\n<p><a href=\"http:\/\/ista.org.tr\/tr\/blog\/7226-sayili-kanun-cercevesinde-tahkimde-sureler-konusunda-doktrin-gorusleri-ve-itotam-divan-karari#_ednref3\" name=\"_edn3\">[iii]<\/a>\u00a0Hukuk Muhakemeleri Kanunu Madde 444- (1) Bu K\u0131s\u0131mda d\u00fczenlenen konularda, aksine h\u00fck\u00fcm bulunmad\u0131k\u00e7a bu Kanunun di\u011fer h\u00fck\u00fcmleri uygulanmaz.<\/p>\n<p><a href=\"https:\/\/www.mevzuat.gov.tr\/MevzuatMetin\/1.5.6100.pdf\">https:\/\/www.mevzuat.gov.tr\/MevzuatMetin\/1.5.6100.pdf<\/a><\/p>\n<p><a href=\"http:\/\/ista.org.tr\/tr\/blog\/7226-sayili-kanun-cercevesinde-tahkimde-sureler-konusunda-doktrin-gorusleri-ve-itotam-divan-karari#_ednref4\" name=\"_edn4\">[iv]<\/a>\u00a0Milletleraras\u0131 Tahkim Kanunu Madde 17 \u2013 Bu Kanunla d\u00fczenlenen konularda, aksine h\u00fck\u00fcm bulunmad\u0131k\u00e7a, Hukuk Usul\u00fc Muhakemeleri Kanunu h\u00fck\u00fcmleri uygulanmaz.<\/p>\n<p><a href=\"https:\/\/www.mevzuat.gov.tr\/MevzuatMetin\/1.5.4686.pdf\">https:\/\/www.mevzuat.gov.tr\/MevzuatMetin\/1.5.4686.pdf<\/a><\/p>\n<p><a href=\"http:\/\/ista.org.tr\/tr\/blog\/7226-sayili-kanun-cercevesinde-tahkimde-sureler-konusunda-doktrin-gorusleri-ve-itotam-divan-karari#_ednref5\" name=\"_edn5\">[v]<\/a>\u00a02279 say\u0131l\u0131 Cumhurba\u015fkan\u0131 (Fevkal\u00e2de M\u00fchlet) Karar\u0131 ile 7226 Say\u0131l\u0131 Kanun\u2019un Ge\u00e7ici 1. Maddesinin Birlikte De\u011ferlendirilmesi\u00a0<a href=\"https:\/\/blog.lexpera.com.tr\/2279-sayili-karar-ile-7226-sayili-kanunun-birlikte-degerlendirilmesi\/\">https:\/\/blog.lexpera.com.tr\/2279-sayili-karar-ile-7226-sayili-kanunun-birlikte-degerlendirilmesi\/<\/a><\/p>\n<p><a href=\"http:\/\/ista.org.tr\/tr\/blog\/7226-sayili-kanun-cercevesinde-tahkimde-sureler-konusunda-doktrin-gorusleri-ve-itotam-divan-karari#_ednref6\" name=\"_edn6\">[vi]<\/a>\u00a0Divan Karar\u0131;\u00a0<a href=\"https:\/\/www.itotam.com\/\">https:\/\/www.itotam.com\/<\/a><\/p>\n<\/div>\n","protected":false},"excerpt":{"rendered":"<p>ISTAC Ba\u015fkan\u0131 Prof. Dr. Ziya Ak\u0131nc\u0131[i]\u00a0Avukatlar Kul\u00fcb\u00fc Bulu\u015fmalar\u0131 kapsam\u0131nda 30 Mart tarihinde d\u00fczenlenen Youtube canl\u0131&#8230;<\/p>\n","protected":false},"author":1,"featured_media":948,"comment_status":"open","ping_status":"open","sticky":false,"template":"","format":"standard","meta":{"_mi_skip_tracking":false},"categories":[129,128],"tags":[],"yoast_head":"<!-- This site is optimized with the Yoast SEO plugin v19.14 - https:\/\/yoast.com\/wordpress\/plugins\/seo\/ -->\n<title>7226 Say\u0131l\u0131 Kanun \u00c7er\u00e7evesinde Tahkimde S\u00fcreler Konusunda Doktrin G\u00f6r\u00fc\u015fleri ve \u0130TOTAM Divan Karar\u0131 | \u0130STA<\/title>\n<meta name=\"description\" content=\"\u0130STA taraf\u0131ndan yay\u0131nlanan 7226 Say\u0131l\u0131 Kanun \u00c7er\u00e7evesinde Tahkimde S\u00fcreler Konusunda Doktrin G\u00f6r\u00fc\u015fleri ve \u0130TOTAM Divan Karar\u0131 konulu yaz\u0131y\u0131 incelemek i\u00e7in sitemizi ziyaret edin.\" \/>\n<meta name=\"robots\" content=\"index, follow, max-snippet:-1, max-image-preview:large, max-video-preview:-1\" \/>\n<link rel=\"canonical\" href=\"https:\/\/ista.org.tr\/blog\/makaleler-ve-yorumlar\/7226-sayili-kanun-cercevesinde-tahkimde-sureler-konusunda-doktrin-gorusleri-ve-itotam-divan-karari\/\" \/>\n<meta property=\"og:locale\" content=\"en_US\" \/>\n<meta property=\"og:type\" content=\"article\" \/>\n<meta property=\"og:title\" content=\"7226 Say\u0131l\u0131 Kanun \u00c7er\u00e7evesinde Tahkimde S\u00fcreler Konusunda Doktrin G\u00f6r\u00fc\u015fleri ve \u0130TOTAM Divan Karar\u0131 | \u0130STA\" \/>\n<meta property=\"og:description\" content=\"\u0130STA taraf\u0131ndan yay\u0131nlanan 7226 Say\u0131l\u0131 Kanun \u00c7er\u00e7evesinde Tahkimde S\u00fcreler Konusunda Doktrin G\u00f6r\u00fc\u015fleri ve \u0130TOTAM Divan Karar\u0131 konulu yaz\u0131y\u0131 incelemek i\u00e7in sitemizi ziyaret edin.\" \/>\n<meta property=\"og:url\" content=\"https:\/\/ista.org.tr\/blog\/makaleler-ve-yorumlar\/7226-sayili-kanun-cercevesinde-tahkimde-sureler-konusunda-doktrin-gorusleri-ve-itotam-divan-karari\/\" \/>\n<meta property=\"og:site_name\" content=\"\u0130STA\" \/>\n<meta property=\"article:publisher\" content=\"https:\/\/www.facebook.com\/istatahkim\/\" \/>\n<meta property=\"article:published_time\" content=\"2020-04-05T21:32:52+00:00\" \/>\n<meta property=\"article:modified_time\" content=\"2020-06-02T21:54:20+00:00\" \/>\n<meta property=\"og:image\" content=\"https:\/\/ista.org.tr\/wp-content\/uploads\/2020\/06\/7226-sayili-kanun-cercevesinde-tahkimde-sureler-konusunda-doktrin-gorusleri-ve-itotam-divan-karari.jpg\" \/>\n\t<meta property=\"og:image:width\" content=\"800\" \/>\n\t<meta property=\"og:image:height\" content=\"533\" \/>\n\t<meta property=\"og:image:type\" content=\"image\/jpeg\" \/>\n<meta name=\"author\" content=\"Eyl\u00fcl G\u00f6rm\u00fc\u015f\" \/>\n<meta name=\"twitter:card\" content=\"summary_large_image\" \/>\n<meta name=\"twitter:creator\" content=\"@ISTAtahkim\" \/>\n<meta name=\"twitter:site\" content=\"@ISTAtahkim\" \/>\n<meta name=\"twitter:label1\" content=\"Written by\" \/>\n\t<meta name=\"twitter:data1\" content=\"Eyl\u00fcl G\u00f6rm\u00fc\u015f\" \/>\n\t<meta name=\"twitter:label2\" content=\"Est. reading time\" \/>\n\t<meta name=\"twitter:data2\" content=\"9 minutes\" \/>\n<script type=\"application\/ld+json\" class=\"yoast-schema-graph\">{\"@context\":\"https:\/\/schema.org\",\"@graph\":[{\"@type\":\"Article\",\"@id\":\"https:\/\/ista.org.tr\/blog\/makaleler-ve-yorumlar\/7226-sayili-kanun-cercevesinde-tahkimde-sureler-konusunda-doktrin-gorusleri-ve-itotam-divan-karari\/#article\",\"isPartOf\":{\"@id\":\"https:\/\/ista.org.tr\/blog\/makaleler-ve-yorumlar\/7226-sayili-kanun-cercevesinde-tahkimde-sureler-konusunda-doktrin-gorusleri-ve-itotam-divan-karari\/\"},\"author\":{\"name\":\"Eyl\u00fcl G\u00f6rm\u00fc\u015f\",\"@id\":\"https:\/\/ista.org.tr\/#\/schema\/person\/f46bf0e6c7fa248b7fbfb5276ea6e634\"},\"headline\":\"7226 Say\u0131l\u0131 Kanun \u00c7er\u00e7evesinde Tahkimde S\u00fcreler Konusunda Doktrin G\u00f6r\u00fc\u015fleri ve \u0130TOTAM Divan Karar\u0131\",\"datePublished\":\"2020-04-05T21:32:52+00:00\",\"dateModified\":\"2020-06-02T21:54:20+00:00\",\"mainEntityOfPage\":{\"@id\":\"https:\/\/ista.org.tr\/blog\/makaleler-ve-yorumlar\/7226-sayili-kanun-cercevesinde-tahkimde-sureler-konusunda-doktrin-gorusleri-ve-itotam-divan-karari\/\"},\"wordCount\":1776,\"commentCount\":0,\"publisher\":{\"@id\":\"https:\/\/ista.org.tr\/#organization\"},\"articleSection\":[\"\u0130STA Blog\",\"Makaleler ve Yorumlar\"],\"inLanguage\":\"en-US\",\"potentialAction\":[{\"@type\":\"CommentAction\",\"name\":\"Comment\",\"target\":[\"https:\/\/ista.org.tr\/blog\/makaleler-ve-yorumlar\/7226-sayili-kanun-cercevesinde-tahkimde-sureler-konusunda-doktrin-gorusleri-ve-itotam-divan-karari\/#respond\"]}]},{\"@type\":\"WebPage\",\"@id\":\"https:\/\/ista.org.tr\/blog\/makaleler-ve-yorumlar\/7226-sayili-kanun-cercevesinde-tahkimde-sureler-konusunda-doktrin-gorusleri-ve-itotam-divan-karari\/\",\"url\":\"https:\/\/ista.org.tr\/blog\/makaleler-ve-yorumlar\/7226-sayili-kanun-cercevesinde-tahkimde-sureler-konusunda-doktrin-gorusleri-ve-itotam-divan-karari\/\",\"name\":\"7226 Say\u0131l\u0131 Kanun \u00c7er\u00e7evesinde Tahkimde S\u00fcreler Konusunda Doktrin G\u00f6r\u00fc\u015fleri ve \u0130TOTAM Divan Karar\u0131 | \u0130STA\",\"isPartOf\":{\"@id\":\"https:\/\/ista.org.tr\/#website\"},\"datePublished\":\"2020-04-05T21:32:52+00:00\",\"dateModified\":\"2020-06-02T21:54:20+00:00\",\"description\":\"\u0130STA taraf\u0131ndan yay\u0131nlanan 7226 Say\u0131l\u0131 Kanun \u00c7er\u00e7evesinde Tahkimde S\u00fcreler Konusunda Doktrin G\u00f6r\u00fc\u015fleri ve \u0130TOTAM Divan Karar\u0131 konulu yaz\u0131y\u0131 incelemek i\u00e7in sitemizi ziyaret edin.\",\"breadcrumb\":{\"@id\":\"https:\/\/ista.org.tr\/blog\/makaleler-ve-yorumlar\/7226-sayili-kanun-cercevesinde-tahkimde-sureler-konusunda-doktrin-gorusleri-ve-itotam-divan-karari\/#breadcrumb\"},\"inLanguage\":\"en-US\",\"potentialAction\":[{\"@type\":\"ReadAction\",\"target\":[\"https:\/\/ista.org.tr\/blog\/makaleler-ve-yorumlar\/7226-sayili-kanun-cercevesinde-tahkimde-sureler-konusunda-doktrin-gorusleri-ve-itotam-divan-karari\/\"]}]},{\"@type\":\"BreadcrumbList\",\"@id\":\"https:\/\/ista.org.tr\/blog\/makaleler-ve-yorumlar\/7226-sayili-kanun-cercevesinde-tahkimde-sureler-konusunda-doktrin-gorusleri-ve-itotam-divan-karari\/#breadcrumb\",\"itemListElement\":[{\"@type\":\"ListItem\",\"position\":1,\"name\":\"Ana sayfa\",\"item\":\"https:\/\/ista.org.tr\/\"},{\"@type\":\"ListItem\",\"position\":2,\"name\":\"7226 Say\u0131l\u0131 Kanun \u00c7er\u00e7evesinde Tahkimde S\u00fcreler Konusunda Doktrin G\u00f6r\u00fc\u015fleri ve \u0130TOTAM Divan Karar\u0131\"}]},{\"@type\":\"WebSite\",\"@id\":\"https:\/\/ista.org.tr\/#website\",\"url\":\"https:\/\/ista.org.tr\/\",\"name\":\"\u0130STA\",\"description\":\"\u0130stanbul Tahkim Derne\u011fi\",\"publisher\":{\"@id\":\"https:\/\/ista.org.tr\/#organization\"},\"potentialAction\":[{\"@type\":\"SearchAction\",\"target\":{\"@type\":\"EntryPoint\",\"urlTemplate\":\"https:\/\/ista.org.tr\/?s={search_term_string}\"},\"query-input\":\"required name=search_term_string\"}],\"inLanguage\":\"en-US\"},{\"@type\":\"Organization\",\"@id\":\"https:\/\/ista.org.tr\/#organization\",\"name\":\"\u0130stanbul Tahkim Derne\u011fi\",\"url\":\"https:\/\/ista.org.tr\/\",\"logo\":{\"@type\":\"ImageObject\",\"inLanguage\":\"en-US\",\"@id\":\"https:\/\/ista.org.tr\/#\/schema\/logo\/image\/\",\"url\":\"https:\/\/ista.org.tr\/wp-content\/uploads\/2019\/12\/ista-logo.png\",\"contentUrl\":\"https:\/\/ista.org.tr\/wp-content\/uploads\/2019\/12\/ista-logo.png\",\"width\":400,\"height\":400,\"caption\":\"\u0130stanbul Tahkim Derne\u011fi\"},\"image\":{\"@id\":\"https:\/\/ista.org.tr\/#\/schema\/logo\/image\/\"},\"sameAs\":[\"https:\/\/www.youtube.com\/channel\/UCZeVp4QaClBT9w13rtPk44Q\/videos\",\"https:\/\/www.facebook.com\/istatahkim\/\",\"https:\/\/twitter.com\/ISTAtahkim\"]},{\"@type\":\"Person\",\"@id\":\"https:\/\/ista.org.tr\/#\/schema\/person\/f46bf0e6c7fa248b7fbfb5276ea6e634\",\"name\":\"Eyl\u00fcl G\u00f6rm\u00fc\u015f\",\"image\":{\"@type\":\"ImageObject\",\"inLanguage\":\"en-US\",\"@id\":\"https:\/\/ista.org.tr\/#\/schema\/person\/image\/\",\"url\":\"https:\/\/secure.gravatar.com\/avatar\/df97169739e0f4433bb404f0975f5761?s=96&d=mm&r=g\",\"contentUrl\":\"https:\/\/secure.gravatar.com\/avatar\/df97169739e0f4433bb404f0975f5761?s=96&d=mm&r=g\",\"caption\":\"Eyl\u00fcl G\u00f6rm\u00fc\u015f\"},\"sameAs\":[\"https:\/\/yakinda.org\"]}]}<\/script>\n<!-- \/ Yoast SEO plugin. -->","yoast_head_json":{"title":"7226 Say\u0131l\u0131 Kanun \u00c7er\u00e7evesinde Tahkimde S\u00fcreler Konusunda Doktrin G\u00f6r\u00fc\u015fleri ve \u0130TOTAM Divan Karar\u0131 | \u0130STA","description":"\u0130STA taraf\u0131ndan yay\u0131nlanan 7226 Say\u0131l\u0131 Kanun \u00c7er\u00e7evesinde Tahkimde S\u00fcreler Konusunda Doktrin G\u00f6r\u00fc\u015fleri ve \u0130TOTAM Divan Karar\u0131 konulu yaz\u0131y\u0131 incelemek i\u00e7in sitemizi ziyaret edin.","robots":{"index":"index","follow":"follow","max-snippet":"max-snippet:-1","max-image-preview":"max-image-preview:large","max-video-preview":"max-video-preview:-1"},"canonical":"https:\/\/ista.org.tr\/blog\/makaleler-ve-yorumlar\/7226-sayili-kanun-cercevesinde-tahkimde-sureler-konusunda-doktrin-gorusleri-ve-itotam-divan-karari\/","og_locale":"en_US","og_type":"article","og_title":"7226 Say\u0131l\u0131 Kanun \u00c7er\u00e7evesinde Tahkimde S\u00fcreler Konusunda Doktrin G\u00f6r\u00fc\u015fleri ve \u0130TOTAM Divan Karar\u0131 | \u0130STA","og_description":"\u0130STA taraf\u0131ndan yay\u0131nlanan 7226 Say\u0131l\u0131 Kanun \u00c7er\u00e7evesinde Tahkimde S\u00fcreler Konusunda Doktrin G\u00f6r\u00fc\u015fleri ve \u0130TOTAM Divan Karar\u0131 konulu yaz\u0131y\u0131 incelemek i\u00e7in sitemizi ziyaret edin.","og_url":"https:\/\/ista.org.tr\/blog\/makaleler-ve-yorumlar\/7226-sayili-kanun-cercevesinde-tahkimde-sureler-konusunda-doktrin-gorusleri-ve-itotam-divan-karari\/","og_site_name":"\u0130STA","article_publisher":"https:\/\/www.facebook.com\/istatahkim\/","article_published_time":"2020-04-05T21:32:52+00:00","article_modified_time":"2020-06-02T21:54:20+00:00","og_image":[{"width":800,"height":533,"url":"https:\/\/ista.org.tr\/wp-content\/uploads\/2020\/06\/7226-sayili-kanun-cercevesinde-tahkimde-sureler-konusunda-doktrin-gorusleri-ve-itotam-divan-karari.jpg","type":"image\/jpeg"}],"author":"Eyl\u00fcl G\u00f6rm\u00fc\u015f","twitter_card":"summary_large_image","twitter_creator":"@ISTAtahkim","twitter_site":"@ISTAtahkim","twitter_misc":{"Written by":"Eyl\u00fcl G\u00f6rm\u00fc\u015f","Est. reading time":"9 minutes"},"schema":{"@context":"https:\/\/schema.org","@graph":[{"@type":"Article","@id":"https:\/\/ista.org.tr\/blog\/makaleler-ve-yorumlar\/7226-sayili-kanun-cercevesinde-tahkimde-sureler-konusunda-doktrin-gorusleri-ve-itotam-divan-karari\/#article","isPartOf":{"@id":"https:\/\/ista.org.tr\/blog\/makaleler-ve-yorumlar\/7226-sayili-kanun-cercevesinde-tahkimde-sureler-konusunda-doktrin-gorusleri-ve-itotam-divan-karari\/"},"author":{"name":"Eyl\u00fcl G\u00f6rm\u00fc\u015f","@id":"https:\/\/ista.org.tr\/#\/schema\/person\/f46bf0e6c7fa248b7fbfb5276ea6e634"},"headline":"7226 Say\u0131l\u0131 Kanun \u00c7er\u00e7evesinde Tahkimde S\u00fcreler Konusunda Doktrin G\u00f6r\u00fc\u015fleri ve \u0130TOTAM Divan Karar\u0131","datePublished":"2020-04-05T21:32:52+00:00","dateModified":"2020-06-02T21:54:20+00:00","mainEntityOfPage":{"@id":"https:\/\/ista.org.tr\/blog\/makaleler-ve-yorumlar\/7226-sayili-kanun-cercevesinde-tahkimde-sureler-konusunda-doktrin-gorusleri-ve-itotam-divan-karari\/"},"wordCount":1776,"commentCount":0,"publisher":{"@id":"https:\/\/ista.org.tr\/#organization"},"articleSection":["\u0130STA Blog","Makaleler ve Yorumlar"],"inLanguage":"en-US","potentialAction":[{"@type":"CommentAction","name":"Comment","target":["https:\/\/ista.org.tr\/blog\/makaleler-ve-yorumlar\/7226-sayili-kanun-cercevesinde-tahkimde-sureler-konusunda-doktrin-gorusleri-ve-itotam-divan-karari\/#respond"]}]},{"@type":"WebPage","@id":"https:\/\/ista.org.tr\/blog\/makaleler-ve-yorumlar\/7226-sayili-kanun-cercevesinde-tahkimde-sureler-konusunda-doktrin-gorusleri-ve-itotam-divan-karari\/","url":"https:\/\/ista.org.tr\/blog\/makaleler-ve-yorumlar\/7226-sayili-kanun-cercevesinde-tahkimde-sureler-konusunda-doktrin-gorusleri-ve-itotam-divan-karari\/","name":"7226 Say\u0131l\u0131 Kanun \u00c7er\u00e7evesinde Tahkimde S\u00fcreler Konusunda Doktrin G\u00f6r\u00fc\u015fleri ve \u0130TOTAM Divan Karar\u0131 | \u0130STA","isPartOf":{"@id":"https:\/\/ista.org.tr\/#website"},"datePublished":"2020-04-05T21:32:52+00:00","dateModified":"2020-06-02T21:54:20+00:00","description":"\u0130STA taraf\u0131ndan yay\u0131nlanan 7226 Say\u0131l\u0131 Kanun \u00c7er\u00e7evesinde Tahkimde S\u00fcreler Konusunda Doktrin G\u00f6r\u00fc\u015fleri ve \u0130TOTAM Divan Karar\u0131 konulu yaz\u0131y\u0131 incelemek i\u00e7in sitemizi ziyaret edin.","breadcrumb":{"@id":"https:\/\/ista.org.tr\/blog\/makaleler-ve-yorumlar\/7226-sayili-kanun-cercevesinde-tahkimde-sureler-konusunda-doktrin-gorusleri-ve-itotam-divan-karari\/#breadcrumb"},"inLanguage":"en-US","potentialAction":[{"@type":"ReadAction","target":["https:\/\/ista.org.tr\/blog\/makaleler-ve-yorumlar\/7226-sayili-kanun-cercevesinde-tahkimde-sureler-konusunda-doktrin-gorusleri-ve-itotam-divan-karari\/"]}]},{"@type":"BreadcrumbList","@id":"https:\/\/ista.org.tr\/blog\/makaleler-ve-yorumlar\/7226-sayili-kanun-cercevesinde-tahkimde-sureler-konusunda-doktrin-gorusleri-ve-itotam-divan-karari\/#breadcrumb","itemListElement":[{"@type":"ListItem","position":1,"name":"Ana sayfa","item":"https:\/\/ista.org.tr\/"},{"@type":"ListItem","position":2,"name":"7226 Say\u0131l\u0131 Kanun \u00c7er\u00e7evesinde Tahkimde S\u00fcreler Konusunda Doktrin G\u00f6r\u00fc\u015fleri ve \u0130TOTAM Divan Karar\u0131"}]},{"@type":"WebSite","@id":"https:\/\/ista.org.tr\/#website","url":"https:\/\/ista.org.tr\/","name":"\u0130STA","description":"\u0130stanbul Tahkim Derne\u011fi","publisher":{"@id":"https:\/\/ista.org.tr\/#organization"},"potentialAction":[{"@type":"SearchAction","target":{"@type":"EntryPoint","urlTemplate":"https:\/\/ista.org.tr\/?s={search_term_string}"},"query-input":"required name=search_term_string"}],"inLanguage":"en-US"},{"@type":"Organization","@id":"https:\/\/ista.org.tr\/#organization","name":"\u0130stanbul Tahkim Derne\u011fi","url":"https:\/\/ista.org.tr\/","logo":{"@type":"ImageObject","inLanguage":"en-US","@id":"https:\/\/ista.org.tr\/#\/schema\/logo\/image\/","url":"https:\/\/ista.org.tr\/wp-content\/uploads\/2019\/12\/ista-logo.png","contentUrl":"https:\/\/ista.org.tr\/wp-content\/uploads\/2019\/12\/ista-logo.png","width":400,"height":400,"caption":"\u0130stanbul Tahkim Derne\u011fi"},"image":{"@id":"https:\/\/ista.org.tr\/#\/schema\/logo\/image\/"},"sameAs":["https:\/\/www.youtube.com\/channel\/UCZeVp4QaClBT9w13rtPk44Q\/videos","https:\/\/www.facebook.com\/istatahkim\/","https:\/\/twitter.com\/ISTAtahkim"]},{"@type":"Person","@id":"https:\/\/ista.org.tr\/#\/schema\/person\/f46bf0e6c7fa248b7fbfb5276ea6e634","name":"Eyl\u00fcl G\u00f6rm\u00fc\u015f","image":{"@type":"ImageObject","inLanguage":"en-US","@id":"https:\/\/ista.org.tr\/#\/schema\/person\/image\/","url":"https:\/\/secure.gravatar.com\/avatar\/df97169739e0f4433bb404f0975f5761?s=96&d=mm&r=g","contentUrl":"https:\/\/secure.gravatar.com\/avatar\/df97169739e0f4433bb404f0975f5761?s=96&d=mm&r=g","caption":"Eyl\u00fcl G\u00f6rm\u00fc\u015f"},"sameAs":["https:\/\/yakinda.org"]}]}},"_links":{"self":[{"href":"https:\/\/ista.org.tr\/en\/wp-json\/wp\/v2\/posts\/946"}],"collection":[{"href":"https:\/\/ista.org.tr\/en\/wp-json\/wp\/v2\/posts"}],"about":[{"href":"https:\/\/ista.org.tr\/en\/wp-json\/wp\/v2\/types\/post"}],"author":[{"embeddable":true,"href":"https:\/\/ista.org.tr\/en\/wp-json\/wp\/v2\/users\/1"}],"replies":[{"embeddable":true,"href":"https:\/\/ista.org.tr\/en\/wp-json\/wp\/v2\/comments?post=946"}],"version-history":[{"count":2,"href":"https:\/\/ista.org.tr\/en\/wp-json\/wp\/v2\/posts\/946\/revisions"}],"predecessor-version":[{"id":949,"href":"https:\/\/ista.org.tr\/en\/wp-json\/wp\/v2\/posts\/946\/revisions\/949"}],"wp:featuredmedia":[{"embeddable":true,"href":"https:\/\/ista.org.tr\/en\/wp-json\/wp\/v2\/media\/948"}],"wp:attachment":[{"href":"https:\/\/ista.org.tr\/en\/wp-json\/wp\/v2\/media?parent=946"}],"wp:term":[{"taxonomy":"category","embeddable":true,"href":"https:\/\/ista.org.tr\/en\/wp-json\/wp\/v2\/categories?post=946"},{"taxonomy":"post_tag","embeddable":true,"href":"https:\/\/ista.org.tr\/en\/wp-json\/wp\/v2\/tags?post=946"}],"curies":[{"name":"wp","href":"https:\/\/api.w.org\/{rel}","templated":true}]}}